{"id":54649,"date":"2025-09-26T17:55:36","date_gmt":"2025-09-26T22:55:36","guid":{"rendered":"https:\/\/www.actionmarguerite.ca\/?p=54649"},"modified":"2025-09-26T17:55:36","modified_gmt":"2025-09-26T22:55:36","slug":"votre-avis-compte-rencontre-de-zonage-pour-le-projet-cohabit","status":"publish","type":"post","link":"https:\/\/www.actionmarguerite.ca\/fr\/votre-avis-compte-rencontre-de-zonage-pour-le-projet-cohabit\/","title":{"rendered":"Votre avis compte! Rencontre de zonage pour le projet CoHabit!"},"content":{"rendered":"<p><span data-olk-copy-source=\"MessageBody\">Chers r\u00e9sidents et familles d&rsquo;Actionmarguerite,<\/span><\/p>\n<p>Le mercredi 24 septembre, une journ\u00e9e portes ouvertes a \u00e9t\u00e9 organis\u00e9e pour le projet CoHabit. Actionmarguerite \u00e9tait bien repr\u00e9sent\u00e9e, et nous tenons \u00e0 remercier chaleureusement toutes les personnes qui sont venues et qui ont partag\u00e9 leurs commentaires r\u00e9fl\u00e9chis. Alors que le projet continue d\u2019\u00e9voluer, nous vous avons promis de vous tenir inform\u00e9s et de vous faire conna\u00eetre les prochaines rencontres.<\/p>\n<p><b>Nous avons besoin de votre aide lors de la r\u00e9union de zonage de la Ville le 1er octobre<\/b><\/p>\n<p>La derni\u00e8re \u00e9tape pour s\u00e9curiser le terrain situ\u00e9 au 825, avenue Tach\u00e9 est que le Conseil municipal vote en faveur du changement de zonage. Cette r\u00e9union est pr\u00e9vue pour le mercredi 1er octobre, et c\u2019est la seule occasion de dire \u00e0 nos conseillers municipaux pourquoi ils devraient voter en faveur du projet.<\/p>\n<p><b>Informations sur la r\u00e9union du Conseil municipal :<\/b><\/p>\n<p>Date : le mercredi 1er octobre<\/p>\n<p>Heure : 10 h 30 (veuillez arriver au plus tard \u00e0 10 h \u2014 nous esp\u00e9rons une forte participation)<\/p>\n<p>Lieu : H\u00f4tel de ville, 510 rue Main<\/p>\n<p><b>Nous avons besoin du plus grand nombre de personnes possible pour \u00eatre pr\u00e9sentes et prendre la parole lors de la r\u00e9union afin d\u2019expliquer l\u2019importance de ce projet pour vous et pour notre communaut\u00e9.<\/b><\/p>\n<p><b>Comment participer et soutenir le projet (ceci ne prendra pas beaucoup de votre temps):<\/b><\/p>\n<ul>\n<li>Inscrivez-vous pour prendre la parole lors de la r\u00e9union (en personne ou via Zoom)<\/li>\n<li>Inscrivez-vous pour appuyer le changement de zonage et soumettez vos commentaires \u00e9crits<\/li>\n<\/ul>\n<p><a id=\"OWAca8cb78a-43bc-2344-82c6-17d10a4c7434\" title=\"Original URL: https:\/\/9iqv58ebb.cc.rs6.net\/tn.jsp?f=0017iTDNtNvnh9SHgUQ-LBxcAJIpJBWl5yKKre-5olKG6MxVH7BKjwXgMAVDOyqfcfbOZku6sSndfR_zjUVCWlqQkKyLD72pF49oiYOaq2aEO4wEyj0jSzBof-5GiWShaBc2Gu9cVKSC-SKbqIkgz7TTmZ38_WMwrnbBctORVU7cfFV7XptuO6YA7_h7weJuVqOzS4YEN81KgzAsSaloUoY-of56upZHm04UVo-c9cFeiPiMZPDhs9JR9GYjVsESiaqNCNjcizlsh4=&amp;c=F3Fi81rit92od2_kT5TPt5YbWHxtplUvleLK2ZhIaMvLhz9xmxNcIw==&amp;ch=TsuYr1amLJJaOWlakW-47ZZ0nkGsUK7LHTt351Dg104Gq0VOWMQMIQ==. Click or tap if you trust this link.\" href=\"https:\/\/can01.safelinks.protection.outlook.com\/?url=https%3A%2F%2F9iqv58ebb.cc.rs6.net%2Ftn.jsp%3Ff%3D0017iTDNtNvnh9SHgUQ-LBxcAJIpJBWl5yKKre-5olKG6MxVH7BKjwXgMAVDOyqfcfbOZku6sSndfR_zjUVCWlqQkKyLD72pF49oiYOaq2aEO4wEyj0jSzBof-5GiWShaBc2Gu9cVKSC-SKbqIkgz7TTmZ38_WMwrnbBctORVU7cfFV7XptuO6YA7_h7weJuVqOzS4YEN81KgzAsSaloUoY-of56upZHm04UVo-c9cFeiPiMZPDhs9JR9GYjVsESiaqNCNjcizlsh4%3D%26c%3DF3Fi81rit92od2_kT5TPt5YbWHxtplUvleLK2ZhIaMvLhz9xmxNcIw%3D%3D%26ch%3DTsuYr1amLJJaOWlakW-47ZZ0nkGsUK7LHTt351Dg104Gq0VOWMQMIQ%3D%3D&amp;data=05%7C02%7Csfingler%40actionmarguerite.ca%7C1d28408bd6bf4c3e234908ddfd4f438e%7C5d5f5f27cb0e40849a5003d772edb858%7C0%7C0%7C638945239333688387%7CUnknown%7CTWFpbGZsb3d8eyJFbXB0eU1hcGkiOnRydWUsIlYiOiIwLjAuMDAwMCIsIlAiOiJXaW4zMiIsIkFOIjoiTWFpbCIsIldUIjoyfQ%3D%3D%7C0%7C%7C%7C&amp;sdata=4WoDk2I%2F23CJadEWu030xe0gi17%2FQ53naJy%2BDnssxkw%3D&amp;reserved=0\" data-auth=\"NotApplicable\" data-linkindex=\"0\">Cliquez ici pour vous inscrire ou soumettre vos commentaires pour l\u2019audience publique \u2013 Ville de Winnipeg<\/a><\/p>\n<p><b>Accessibilit\u00e9 :<\/b><\/p>\n<p>Les employ\u00e9s de la Ville ont confirm\u00e9 qu\u2019ils pourront accueillir les personnes en fauteuil roulant lors de l\u2019audience publique. Un ascenseur est disponible pour acc\u00e9der \u00e0 la salle, et les agents de s\u00e9curit\u00e9 pourront aider et orienter les gens.<\/p>\n<p><b>\u00c0 quoi s\u2019attendre lors de la r\u00e9union :<\/b><\/p>\n<p>Lors de cette r\u00e9union, le personnel de la Ville de Winnipeg et R\u00e9seau Compassion Network (le partenaire de construction de CoHabit) feront chacun une courte pr\u00e9sentation. Ensuite, toutes les personnes inscrites pour parler prendront la parole \u00e0 tour de r\u00f4le.<\/p>\n<p>Nous savons que certains voisins du quartier s\u2019exprimeront\u00a0<i>contre<\/i>\u00a0le projet, car ils craignent de perdre l\u2019espace vert le long de la rivi\u00e8re. Il est donc essentiel que le Conseil municipal comprenne :<\/p>\n<ul>\n<li>Pourquoi ce projet est important pour vous personnellement et pour notre communaut\u00e9<\/li>\n<li>Le manque criant de logements accessibles et ses cons\u00e9quences sur vos choix de vie<\/li>\n<li>Que vivre uniquement avec d\u2019autres personnes en situation de handicap est stigmatisant et isolant<\/li>\n<li>Que ce projet est essentiel pour les droits humains et l\u2019inclusion des personnes en situation de handicap<\/li>\n<li>Que la communaut\u00e9 que nous imaginons sera vivante et b\u00e9n\u00e9fique pour le quartier<\/li>\n<li>Que nous comptons sur eux pour soutenir ce projet<\/li>\n<\/ul>\n<p>Ce ne sont que quelques id\u00e9es. Vous \u00eates l\u2019expert de votre propre exp\u00e9rience et de votre vision d\u2019un immeuble inclusif avec appuis. Parlez de ce qui est le plus important pour vous !<\/p>\n<p>Nous esp\u00e9rons que vous avez cliqu\u00e9 sur le lien ci-dessus pour vous inscrire \u00e0 prendre la parole et\/ou pour enregistrer votre appui !<\/p>\n<p><b>Merci ! Si vous avez des questions, n\u2019h\u00e9sitez pas \u00e0 contacter<\/b>\u00a0Jennifer \u00e0\u00a0<a id=\"OWAa75fa55f-e127-d867-cdbf-f44c1fc62728\" title=\"mailto:jrodrigue@actionmarguerite.ca\" href=\"mailto:jrodrigue@actionmarguerite.ca\" data-linkindex=\"1\">jrodrigue@actionmarguerite.ca<\/a>.<\/p>\n<p>Bien \u00e0 vous,<\/p>\n<p>L\u2019\u00e9quipe d\u2019Actionmarguerite<\/p>\n<p><b>\u00c0 propos de CoHabit :<\/b><\/p>\n<p>CoHabit con\u00e7oit des appartements inclusifs et accessibles o\u00f9 chacun peut vivre. Un pourcentage des logements est d\u00e9sign\u00e9 comme abordable, et un autre inclut des services de soutien pour les personnes en situation de handicap financ\u00e9s par le gouvernement. L\u2019objectif est de cr\u00e9er un environnement accueillant et connect\u00e9, o\u00f9 chaque r\u00e9sident contribue \u00e0 un sentiment de s\u00e9curit\u00e9, d\u2019appartenance et de bien-\u00eatre collectif.<\/p>\n<p><b>\u00c0 propos de la r\u00e9union du conseil :<\/b><\/p>\n<p>Vous pouvez consulter l\u2019ordre du jour pour la semaine prochaine\u00a0<a id=\"OWA99fc98c9-79a0-b04a-10af-c2407a81a586\" title=\"Original URL: https:\/\/9iqv58ebb.cc.rs6.net\/tn.jsp?f=0017iTDNtNvnh9SHgUQ-LBxcAJIpJBWl5yKKre-5olKG6MxVH7BKjwXgMAVDOyqfcfbIwMdgQyWdoAtgPt02WSAID_YOep0sv0-CjU7jcPiq5o-6mPwlEDuwCaKrl7lX5j5d7tyu4q9rjj8GdFvJjrAvZuDRiBAfqCg__COST-K76ofhHRPp-ytbbCDgghirQ4vAmsdGpLGmuM3p5xZetKz72JX2bN1pNw13TKxJQxP0v8dp8HMYVR97A==&amp;c=F3Fi81rit92od2_kT5TPt5YbWHxtplUvleLK2ZhIaMvLhz9xmxNcIw==&amp;ch=TsuYr1amLJJaOWlakW-47ZZ0nkGsUK7LHTt351Dg104Gq0VOWMQMIQ==. Click or tap if you trust this link.\" href=\"https:\/\/can01.safelinks.protection.outlook.com\/?url=https%3A%2F%2F9iqv58ebb.cc.rs6.net%2Ftn.jsp%3Ff%3D0017iTDNtNvnh9SHgUQ-LBxcAJIpJBWl5yKKre-5olKG6MxVH7BKjwXgMAVDOyqfcfbIwMdgQyWdoAtgPt02WSAID_YOep0sv0-CjU7jcPiq5o-6mPwlEDuwCaKrl7lX5j5d7tyu4q9rjj8GdFvJjrAvZuDRiBAfqCg__COST-K76ofhHRPp-ytbbCDgghirQ4vAmsdGpLGmuM3p5xZetKz72JX2bN1pNw13TKxJQxP0v8dp8HMYVR97A%3D%3D%26c%3DF3Fi81rit92od2_kT5TPt5YbWHxtplUvleLK2ZhIaMvLhz9xmxNcIw%3D%3D%26ch%3DTsuYr1amLJJaOWlakW-47ZZ0nkGsUK7LHTt351Dg104Gq0VOWMQMIQ%3D%3D&amp;data=05%7C02%7Csfingler%40actionmarguerite.ca%7C1d28408bd6bf4c3e234908ddfd4f438e%7C5d5f5f27cb0e40849a5003d772edb858%7C0%7C0%7C638945239333713333%7CUnknown%7CTWFpbGZsb3d8eyJFbXB0eU1hcGkiOnRydWUsIlYiOiIwLjAuMDAwMCIsIlAiOiJXaW4zMiIsIkFOIjoiTWFpbCIsIldUIjoyfQ%3D%3D%7C0%7C%7C%7C&amp;sdata=htHHqZeoz5aVKgCuiSBtJ%2FjoQUuDgZ1U67WTFcXlrIE%3D&amp;reserved=0\" data-auth=\"NotApplicable\" data-linkindex=\"2\">ici<\/a>.<\/p>\n<p><b>Informations g\u00e9n\u00e9rales sur les audiences publiques et le processus :<\/b><\/p>\n<p><a id=\"OWAf60ab549-5d86-cbfe-3a63-b536a6a80816\" title=\"Original URL: https:\/\/9iqv58ebb.cc.rs6.net\/tn.jsp?f=0017iTDNtNvnh9SHgUQ-LBxcAJIpJBWl5yKKre-5olKG6MxVH7BKjwXgMAVDOyqfcfb8XZvIPIZ2YGQ7UfxEJsw3qBHZdX-z-fAR56DQi_ICVG_qy__dwgWxsU1kLWywcjAuub7FVg_TSvP4uhhJdUMqJKIUibgLPw9_xF7SDKtrcEe9w47GX7IBp1kmw1JHkkkareX6JSGzGl31cgfhV83nrGjmXIWKQb2gPdsPf00J0CIv1O9fX1XULxXkrhJNT5ZCE-c-ZG13x0OguICgvLkiwjLWrM9-2AT7vuhAsLKWDAyvUt_qZjbZA==&amp;c=F3Fi81rit92od2_kT5TPt5YbWHxtplUvleLK2ZhIaMvLhz9xmxNcIw==&amp;ch=TsuYr1amLJJaOWlakW-47ZZ0nkGsUK7LHTt351Dg104Gq0VOWMQMIQ==. Click or tap if you trust this link.\" href=\"https:\/\/can01.safelinks.protection.outlook.com\/?url=https%3A%2F%2F9iqv58ebb.cc.rs6.net%2Ftn.jsp%3Ff%3D0017iTDNtNvnh9SHgUQ-LBxcAJIpJBWl5yKKre-5olKG6MxVH7BKjwXgMAVDOyqfcfb8XZvIPIZ2YGQ7UfxEJsw3qBHZdX-z-fAR56DQi_ICVG_qy__dwgWxsU1kLWywcjAuub7FVg_TSvP4uhhJdUMqJKIUibgLPw9_xF7SDKtrcEe9w47GX7IBp1kmw1JHkkkareX6JSGzGl31cgfhV83nrGjmXIWKQb2gPdsPf00J0CIv1O9fX1XULxXkrhJNT5ZCE-c-ZG13x0OguICgvLkiwjLWrM9-2AT7vuhAsLKWDAyvUt_qZjbZA%3D%3D%26c%3DF3Fi81rit92od2_kT5TPt5YbWHxtplUvleLK2ZhIaMvLhz9xmxNcIw%3D%3D%26ch%3DTsuYr1amLJJaOWlakW-47ZZ0nkGsUK7LHTt351Dg104Gq0VOWMQMIQ%3D%3D&amp;data=05%7C02%7Csfingler%40actionmarguerite.ca%7C1d28408bd6bf4c3e234908ddfd4f438e%7C5d5f5f27cb0e40849a5003d772edb858%7C0%7C0%7C638945239333733431%7CUnknown%7CTWFpbGZsb3d8eyJFbXB0eU1hcGkiOnRydWUsIlYiOiIwLjAuMDAwMCIsIlAiOiJXaW4zMiIsIkFOIjoiTWFpbCIsIldUIjoyfQ%3D%3D%7C0%7C%7C%7C&amp;sdata=wQ%2FlwZDFe8CBjPFTh5EDDAGYOsqJc26%2BIj4RRoGD0aQ%3D&amp;reserved=0\" data-auth=\"NotApplicable\" data-linkindex=\"3\">Processus d\u2019audience publique | Ville de Winnipeg<\/a><\/p>\n","protected":false},"excerpt":{"rendered":"<p>Chers r\u00e9sidents et familles d&rsquo;Actionmarguerite, Le mercredi 24 septembre, une journ\u00e9e portes ouvertes a \u00e9t\u00e9 organis\u00e9e pour le projet CoHabit. Actionmarguerite \u00e9tait bien repr\u00e9sent\u00e9e, et nous tenons \u00e0 remercier chaleureusement toutes les personnes qui sont venues et qui ont partag\u00e9 leurs commentaires r\u00e9fl\u00e9chis. Alors que le projet continue d\u2019\u00e9voluer, nous vous avons promis de vous [&hellip;]<\/p>\n","protected":false},"author":41,"featured_media":0,"comment_status":"closed","ping_status":"closed","sticky":false,"template":"","format":"standard","meta":{"_acf_changed":false,"_et_pb_use_builder":"","_et_pb_old_content":"","_et_gb_content_width":"","footnotes":""},"categories":[38],"tags":[],"class_list":["post-54649","post","type-post","status-publish","format-standard","hentry","category-information-pour-les-familles"],"acf":[],"aioseo_notices":[],"_links":{"self":[{"href":"https:\/\/www.actionmarguerite.ca\/fr\/wp-json\/wp\/v2\/posts\/54649","targetHints":{"allow":["GET"]}}],"collection":[{"href":"https:\/\/www.actionmarguerite.ca\/fr\/wp-json\/wp\/v2\/posts"}],"about":[{"href":"https:\/\/www.actionmarguerite.ca\/fr\/wp-json\/wp\/v2\/types\/post"}],"author":[{"embeddable":true,"href":"https:\/\/www.actionmarguerite.ca\/fr\/wp-json\/wp\/v2\/users\/41"}],"replies":[{"embeddable":true,"href":"https:\/\/www.actionmarguerite.ca\/fr\/wp-json\/wp\/v2\/comments?post=54649"}],"version-history":[{"count":2,"href":"https:\/\/www.actionmarguerite.ca\/fr\/wp-json\/wp\/v2\/posts\/54649\/revisions"}],"predecessor-version":[{"id":54651,"href":"https:\/\/www.actionmarguerite.ca\/fr\/wp-json\/wp\/v2\/posts\/54649\/revisions\/54651"}],"wp:attachment":[{"href":"https:\/\/www.actionmarguerite.ca\/fr\/wp-json\/wp\/v2\/media?parent=54649"}],"wp:term":[{"taxonomy":"category","embeddable":true,"href":"https:\/\/www.actionmarguerite.ca\/fr\/wp-json\/wp\/v2\/categories?post=54649"},{"taxonomy":"post_tag","embeddable":true,"href":"https:\/\/www.actionmarguerite.ca\/fr\/wp-json\/wp\/v2\/tags?post=54649"}],"curies":[{"name":"wp","href":"https:\/\/api.w.org\/{rel}","templated":true}]}}