{"id":53731,"date":"2025-07-25T12:58:51","date_gmt":"2025-07-25T17:58:51","guid":{"rendered":"https:\/\/www.actionmarguerite.ca\/?p=53731"},"modified":"2025-07-25T12:58:51","modified_gmt":"2025-07-25T17:58:51","slug":"les-travaux-dans-la-cour-des-residents-de-commencent-le-29-juillet","status":"publish","type":"post","link":"https:\/\/www.actionmarguerite.ca\/fr\/les-travaux-dans-la-cour-des-residents-de-commencent-le-29-juillet\/","title":{"rendered":"Les travaux dans la cour des r\u00e9sidents DE commencent le 29 juillet"},"content":{"rendered":"<p><span data-olk-copy-source=\"MessageBody\">Chers r\u00e9sidents et familles d\u2019Actionmarguerite,<\/span><\/p>\n<p>Nous avons une excellente nouvelle\u202f! Le permis de d\u00e9veloppement \u00e9tant maintenant obtenu, le r\u00e9am\u00e9nagement de la cour des r\u00e9sidents DE peut commencer. \u00c0 partir du mardi 29 juillet, cette cour sera ferm\u00e9e.<\/p>\n<p>Si vous \u00eates un r\u00e9sident fumeur, nous avons pr\u00e9vu un espace fumeur accessible par la porte coulissante du salon DE, sous l\u2019abri. Il se peut que cet espace soit temporairement inaccessible en raison des travaux. Nous ferons tout notre possible pour minimiser ces interruptions.<\/p>\n<p>Nous savons \u00e0 quel point il est important de profiter de l\u2019air frais. Pendant la fermeture de la cour DE, les r\u00e9sidents auront acc\u00e8s \u00e0 la cour sud. Nous finalisons les travaux n\u00e9cessaires pour que cette cour soit s\u00e9curitaire et accessible. Une fois les travaux termin\u00e9s \u2014 ce qui devrait \u00eatre dans une semaine environ \u2014 nous vous en informerons. Vous pourrez acc\u00e9der \u00e0 la cour sud par la salle \u00e0 diner DE. Il y a aussi une autre cour \u00e0 la R\u00e9sidence Despins, d\u00e9j\u00e0 ouverte et pr\u00eate \u00e0 vous accueillir.<\/p>\n<p>Pour mieux vous rep\u00e9rer, veuillez consulter la carte ci-dessous. Elle indique comment acc\u00e9der aux cours ouvertes et \u00e0 l\u2019espace fumeur. Si vous avez besoin d\u2019aide, notre personnel se fera un plaisir de vous assister.<\/p>\n<p><img decoding=\"async\" src=\"https:\/\/files.constantcontact.com\/a11cae73901\/2cbb76ce-53f1-4d61-acd6-f01f31280ade.png?rdr=true\" \/><\/p>\n<p><span data-olk-copy-source=\"MessageBody\">Merci pour votre patience et votre soutien. Pour toute question ou pr\u00e9occupation, n\u2019h\u00e9sitez pas \u00e0 nous contacter \u00e0 l\u2019adresse<\/span>\u202f:\u00a0<a id=\"OWAa8063edb-8a1f-547c-d3bf-55d9b96e45c6\" title=\"mailto:info@actionmarguerite.ca\" href=\"mailto:info@actionmarguerite.ca\" data-linkindex=\"0\">info@actionmarguerite.ca<\/a>.<\/p>\n<p>Avec nos chaleureuses salutations,<\/p>\n<p>L\u2019\u00e9quipe d\u2019Actionmarguerite<\/p>\n","protected":false},"excerpt":{"rendered":"<p>Chers r\u00e9sidents et familles d\u2019Actionmarguerite, Nous avons une excellente nouvelle\u202f! Le permis de d\u00e9veloppement \u00e9tant maintenant obtenu, le r\u00e9am\u00e9nagement de la cour des r\u00e9sidents DE peut commencer. \u00c0 partir du mardi 29 juillet, cette cour sera ferm\u00e9e. Si vous \u00eates un r\u00e9sident fumeur, nous avons pr\u00e9vu un espace fumeur accessible par la porte coulissante du [&hellip;]<\/p>\n","protected":false},"author":41,"featured_media":0,"comment_status":"closed","ping_status":"closed","sticky":false,"template":"","format":"standard","meta":{"_acf_changed":false,"_et_pb_use_builder":"","_et_pb_old_content":"","_et_gb_content_width":"","footnotes":""},"categories":[38],"tags":[],"class_list":["post-53731","post","type-post","status-publish","format-standard","hentry","category-information-pour-les-familles"],"acf":[],"aioseo_notices":[],"_links":{"self":[{"href":"https:\/\/www.actionmarguerite.ca\/fr\/wp-json\/wp\/v2\/posts\/53731","targetHints":{"allow":["GET"]}}],"collection":[{"href":"https:\/\/www.actionmarguerite.ca\/fr\/wp-json\/wp\/v2\/posts"}],"about":[{"href":"https:\/\/www.actionmarguerite.ca\/fr\/wp-json\/wp\/v2\/types\/post"}],"author":[{"embeddable":true,"href":"https:\/\/www.actionmarguerite.ca\/fr\/wp-json\/wp\/v2\/users\/41"}],"replies":[{"embeddable":true,"href":"https:\/\/www.actionmarguerite.ca\/fr\/wp-json\/wp\/v2\/comments?post=53731"}],"version-history":[{"count":1,"href":"https:\/\/www.actionmarguerite.ca\/fr\/wp-json\/wp\/v2\/posts\/53731\/revisions"}],"predecessor-version":[{"id":53732,"href":"https:\/\/www.actionmarguerite.ca\/fr\/wp-json\/wp\/v2\/posts\/53731\/revisions\/53732"}],"wp:attachment":[{"href":"https:\/\/www.actionmarguerite.ca\/fr\/wp-json\/wp\/v2\/media?parent=53731"}],"wp:term":[{"taxonomy":"category","embeddable":true,"href":"https:\/\/www.actionmarguerite.ca\/fr\/wp-json\/wp\/v2\/categories?post=53731"},{"taxonomy":"post_tag","embeddable":true,"href":"https:\/\/www.actionmarguerite.ca\/fr\/wp-json\/wp\/v2\/tags?post=53731"}],"curies":[{"name":"wp","href":"https:\/\/api.w.org\/{rel}","templated":true}]}}