{"id":53087,"date":"2025-06-27T16:13:37","date_gmt":"2025-06-27T21:13:37","guid":{"rendered":"https:\/\/www.actionmarguerite.ca\/?p=53087"},"modified":"2025-06-27T16:13:37","modified_gmt":"2025-06-27T21:13:37","slug":"mise-a-jour-sur-les-eclosions-11","status":"publish","type":"post","link":"https:\/\/www.actionmarguerite.ca\/fr\/mise-a-jour-sur-les-eclosions-11\/","title":{"rendered":"Mise \u00e0 jour sur les \u00e9closions"},"content":{"rendered":"<p><span data-olk-copy-source=\"MessageBody\">Chers r\u00e9sidents et familles d\u2019Actionmarguerite Saint-Boniface,<\/span><\/p>\n<p>Le message aujourd\u2019hui apporte de bonnes nouvelles ! Nous sommes heureux de vous annoncer que l&rsquo;\u00e9closion \u00e0 l&rsquo;unit\u00e9 2DE\u00a0chez Actionmarguerite Saint-Boniface a \u00e9t\u00e9 d\u00e9clar\u00e9e termin\u00e9e.<\/p>\n<p>Le statut d\u2019\u00e9closion est le suivant\u00a0:<\/p>\n<p><b>Actionmarguerite Saint-Boniface<\/b><\/p>\n<p>5AB : \u00e9closion respiratoire en cours<\/p>\n<p>En ce moment, il n\u2019y a aucune \u00e9closion chez Actionmarguerite St. Joseph ni chez Actionmarguerite Saint-Vital.<\/p>\n<p>Nous vous souhaitons une bonne journ\u00e9e,<\/p>\n<p>L&rsquo;\u00e9quipe d&rsquo;Actionmarguerite<\/p>\n","protected":false},"excerpt":{"rendered":"<p>Chers r\u00e9sidents et familles d\u2019Actionmarguerite Saint-Boniface, Le message aujourd\u2019hui apporte de bonnes nouvelles ! Nous sommes heureux de vous annoncer que l&rsquo;\u00e9closion \u00e0 l&rsquo;unit\u00e9 2DE\u00a0chez Actionmarguerite Saint-Boniface a \u00e9t\u00e9 d\u00e9clar\u00e9e termin\u00e9e. Le statut d\u2019\u00e9closion est le suivant\u00a0: Actionmarguerite Saint-Boniface 5AB : \u00e9closion respiratoire en cours En ce moment, il n\u2019y a aucune \u00e9closion chez Actionmarguerite [&hellip;]<\/p>\n","protected":false},"author":41,"featured_media":0,"comment_status":"closed","ping_status":"closed","sticky":false,"template":"","format":"standard","meta":{"_acf_changed":false,"_et_pb_use_builder":"","_et_pb_old_content":"","_et_gb_content_width":"","footnotes":""},"categories":[38],"tags":[],"class_list":["post-53087","post","type-post","status-publish","format-standard","hentry","category-information-pour-les-familles"],"acf":[],"aioseo_notices":[],"_links":{"self":[{"href":"https:\/\/www.actionmarguerite.ca\/fr\/wp-json\/wp\/v2\/posts\/53087","targetHints":{"allow":["GET"]}}],"collection":[{"href":"https:\/\/www.actionmarguerite.ca\/fr\/wp-json\/wp\/v2\/posts"}],"about":[{"href":"https:\/\/www.actionmarguerite.ca\/fr\/wp-json\/wp\/v2\/types\/post"}],"author":[{"embeddable":true,"href":"https:\/\/www.actionmarguerite.ca\/fr\/wp-json\/wp\/v2\/users\/41"}],"replies":[{"embeddable":true,"href":"https:\/\/www.actionmarguerite.ca\/fr\/wp-json\/wp\/v2\/comments?post=53087"}],"version-history":[{"count":1,"href":"https:\/\/www.actionmarguerite.ca\/fr\/wp-json\/wp\/v2\/posts\/53087\/revisions"}],"predecessor-version":[{"id":53088,"href":"https:\/\/www.actionmarguerite.ca\/fr\/wp-json\/wp\/v2\/posts\/53087\/revisions\/53088"}],"wp:attachment":[{"href":"https:\/\/www.actionmarguerite.ca\/fr\/wp-json\/wp\/v2\/media?parent=53087"}],"wp:term":[{"taxonomy":"category","embeddable":true,"href":"https:\/\/www.actionmarguerite.ca\/fr\/wp-json\/wp\/v2\/categories?post=53087"},{"taxonomy":"post_tag","embeddable":true,"href":"https:\/\/www.actionmarguerite.ca\/fr\/wp-json\/wp\/v2\/tags?post=53087"}],"curies":[{"name":"wp","href":"https:\/\/api.w.org\/{rel}","templated":true}]}}