{"id":48367,"date":"2024-08-13T17:29:03","date_gmt":"2024-08-13T22:29:03","guid":{"rendered":"https:\/\/www.actionmarguerite.ca\/?p=48367"},"modified":"2024-08-13T17:29:03","modified_gmt":"2024-08-13T22:29:03","slug":"service-de-salon-de-coiffure-chez-actionmarguerite-saint-vital","status":"publish","type":"post","link":"https:\/\/www.actionmarguerite.ca\/fr\/service-de-salon-de-coiffure-chez-actionmarguerite-saint-vital\/","title":{"rendered":"Service de salon de coiffure chez Actionmarguerite Saint-Vital"},"content":{"rendered":"<p>Chers r\u00e9sidents et familles d&rsquo;Actionmarguerite Saint-Vital,<\/p>\n<p>Nous vous \u00e9crivons pour vous informer que le service de salon de coiffure a \u00e9t\u00e9 temporairement suspendu. Jessica pr\u00e9voit reprendre les services du salon de coiffure une fois par semaine commen\u00e7ant en septembre, augmentant \u00e0 deux fois par semaine en novembre.<\/p>\n<p>Dans l&rsquo;intervalle, nous avons communiqu\u00e9 avec deux coiffeurs mobiles qui souhaitent offrir des services de coiffure aux r\u00e9sidents jusqu&rsquo;au retour de Jessica. Leurs coordonn\u00e9es sont affich\u00e9es sur la porte du salon.<\/p>\n<p>Bien \u00e0 vous,<\/p>\n<p>L\u2019\u00e9quipe d\u2019Actionmarguerite<\/p>\n","protected":false},"excerpt":{"rendered":"<p>Chers r\u00e9sidents et familles d&rsquo;Actionmarguerite Saint-Vital, Nous vous \u00e9crivons pour vous informer que le service de salon de coiffure a \u00e9t\u00e9 temporairement suspendu. Jessica pr\u00e9voit reprendre les services du salon de coiffure une fois par semaine commen\u00e7ant en septembre, augmentant \u00e0 deux fois par semaine en novembre. Dans l&rsquo;intervalle, nous avons communiqu\u00e9 avec deux coiffeurs [&hellip;]<\/p>\n","protected":false},"author":34,"featured_media":0,"comment_status":"closed","ping_status":"closed","sticky":false,"template":"","format":"standard","meta":{"_acf_changed":false,"_et_pb_use_builder":"","_et_pb_old_content":"","_et_gb_content_width":"","footnotes":""},"categories":[38],"tags":[],"class_list":["post-48367","post","type-post","status-publish","format-standard","hentry","category-information-pour-les-familles"],"acf":[],"aioseo_notices":[],"_links":{"self":[{"href":"https:\/\/www.actionmarguerite.ca\/fr\/wp-json\/wp\/v2\/posts\/48367","targetHints":{"allow":["GET"]}}],"collection":[{"href":"https:\/\/www.actionmarguerite.ca\/fr\/wp-json\/wp\/v2\/posts"}],"about":[{"href":"https:\/\/www.actionmarguerite.ca\/fr\/wp-json\/wp\/v2\/types\/post"}],"author":[{"embeddable":true,"href":"https:\/\/www.actionmarguerite.ca\/fr\/wp-json\/wp\/v2\/users\/34"}],"replies":[{"embeddable":true,"href":"https:\/\/www.actionmarguerite.ca\/fr\/wp-json\/wp\/v2\/comments?post=48367"}],"version-history":[{"count":2,"href":"https:\/\/www.actionmarguerite.ca\/fr\/wp-json\/wp\/v2\/posts\/48367\/revisions"}],"predecessor-version":[{"id":48369,"href":"https:\/\/www.actionmarguerite.ca\/fr\/wp-json\/wp\/v2\/posts\/48367\/revisions\/48369"}],"wp:attachment":[{"href":"https:\/\/www.actionmarguerite.ca\/fr\/wp-json\/wp\/v2\/media?parent=48367"}],"wp:term":[{"taxonomy":"category","embeddable":true,"href":"https:\/\/www.actionmarguerite.ca\/fr\/wp-json\/wp\/v2\/categories?post=48367"},{"taxonomy":"post_tag","embeddable":true,"href":"https:\/\/www.actionmarguerite.ca\/fr\/wp-json\/wp\/v2\/tags?post=48367"}],"curies":[{"name":"wp","href":"https:\/\/api.w.org\/{rel}","templated":true}]}}