{"id":47178,"date":"2024-05-06T16:45:56","date_gmt":"2024-05-06T21:45:56","guid":{"rendered":"https:\/\/www.actionmarguerite.ca\/?p=47178"},"modified":"2024-05-06T16:45:56","modified_gmt":"2024-05-06T21:45:56","slug":"ascenseurs-de-temporairement-hors-service","status":"publish","type":"post","link":"https:\/\/www.actionmarguerite.ca\/fr\/ascenseurs-de-temporairement-hors-service\/","title":{"rendered":"Ascenseurs DE temporairement hors service"},"content":{"rendered":"<p>Chers r\u00e9sidents et familles d\u2019Actionmarguerite Saint-Boniface,<\/p>\n<p>Nous vous \u00e9crivons pour vous informer que les deux ascenseurs de la tour DE d&rsquo;Actionmarguerite Saint-Boniface sont actuellement hors service pour des r\u00e9parations urgentes.\u00a0\u00c0 jour, nous avons \u00e9t\u00e9 inform\u00e9s que la remise en service des ascenseurs est pr\u00e9vue pour vendredi au plus t\u00f4t.<\/p>\n<p>Nous tenons \u00e0 vous assurer que nous avons mis en place des plans de contingence pour g\u00e9rer cette situation. Pour les urgences m\u00e9dicales et les rendez-vous m\u00e9dicaux urgents qui ne peuvent \u00eatre report\u00e9s, nous travaillons avec le service \u00ab\u00a0Patient Transport Services\u00a0\u00bb pour nous assurer que nous sommes en mesure de transporter en toute s\u00e9curit\u00e9 les r\u00e9sidents qui ont besoin d&rsquo;aide.<\/p>\n<p>Nous vous demandons de faire preuve de compr\u00e9hension pendant cette p\u00e9riode.\u00a0Nous vous demandons de nous aider \u00e0 assurer la s\u00e9curit\u00e9 des r\u00e9sidents, du personnel et des visiteurs.<\/p>\n<p>Plus pr\u00e9cis\u00e9ment, nous vous demandons\u00a0:<\/p>\n<ul>\n<li>De vous assurer d\u2019\u00eatre en mesure d&rsquo;utiliser les escaliers pour votre visite.\u00a0Les visiteurs qui viennent rendre visite aux r\u00e9sidents de la tour DE devront utiliser les escaliers. Si vous n&rsquo;\u00eates pas en mesure d&rsquo;utiliser les escaliers, nous vous demandons de reporter votre visite. Nous d\u00e9signerons un membre du personnel pour vous ouvrir les portes des escaliers et vous accompagner jusqu&rsquo;\u00e0 l&rsquo;unit\u00e9 concern\u00e9e.<\/li>\n<li>Le personnel infirmier communiquera avec les familles dont les proches ont des rendez-vous \u00e0 l&rsquo;ext\u00e9rieur qui peuvent \u00eatre report\u00e9s, et les invitera \u00e0 le faire.<\/li>\n<li>De planifier vos visites de mani\u00e8re \u00e0 \u00eatre \u00e0 l&rsquo;\u00e9tage avant le service des repas et \u00e0 \u00eatre pr\u00eat \u00e0 rester jusqu&rsquo;\u00e0 la fin de celui-ci ; ou bien \u00e9vitez les heures suivantes :\n<ul>\n<li style=\"list-style-type: none;\">\n<ul>\n<li style=\"list-style-type: none;\">\n<ul>\n<li style=\"list-style-type: none;\">\n<ul>\n<li>D\u00e9jeuner : 0700-0900<\/li>\n<li>D\u00eener :\u00a01100-1300<\/li>\n<li>Souper\u00a0: 1600-1800<\/li>\n<\/ul>\n<\/li>\n<\/ul>\n<\/li>\n<\/ul>\n<\/li>\n<\/ul>\n<\/li>\n<\/ul>\n<p>Votre coop\u00e9ration nous aidera \u00e0 assurer la s\u00e9curit\u00e9 de tous pendant la livraison des repas et le nettoyage apr\u00e8s.\u00a0Le personnel montera les plats chauds et redescendra avec les contenants et les ustensiles dans les escaliers pour chaque service de repas.\u00a0Dans la mesure du possible, nous nous efforcerons de vous accueillir pendant ces p\u00e9riodes, mais il se peut que l&rsquo;on vous demande d&rsquo;attendre que les escaliers soient d\u00e9gag\u00e9es.<\/p>\n<p>Si vous avez des questions, veuillez \u00e9crire \u00e0 <a href=\"mailto:info@actionmarguerite.ca\">info@actionmarguerite.ca<\/a>.<\/p>\n<p>Nous vous remercions de votre collaboration pendant que nous effectuons ces r\u00e9parations.<\/p>\n<p>Bien \u00e0 vous,<\/p>\n<p>L&rsquo;\u00e9quipe d&rsquo;Actionmarguerite<\/p>\n","protected":false},"excerpt":{"rendered":"<p>Chers r\u00e9sidents et familles d\u2019Actionmarguerite Saint-Boniface, Nous vous \u00e9crivons pour vous informer que les deux ascenseurs de la tour DE d&rsquo;Actionmarguerite Saint-Boniface sont actuellement hors service pour des r\u00e9parations urgentes.\u00a0\u00c0 jour, nous avons \u00e9t\u00e9 inform\u00e9s que la remise en service des ascenseurs est pr\u00e9vue pour vendredi au plus t\u00f4t. Nous tenons \u00e0 vous assurer que [&hellip;]<\/p>\n","protected":false},"author":34,"featured_media":0,"comment_status":"closed","ping_status":"closed","sticky":false,"template":"","format":"standard","meta":{"_acf_changed":false,"_et_pb_use_builder":"","_et_pb_old_content":"","_et_gb_content_width":"","footnotes":""},"categories":[38],"tags":[],"class_list":["post-47178","post","type-post","status-publish","format-standard","hentry","category-information-pour-les-familles"],"acf":[],"aioseo_notices":[],"_links":{"self":[{"href":"https:\/\/www.actionmarguerite.ca\/fr\/wp-json\/wp\/v2\/posts\/47178","targetHints":{"allow":["GET"]}}],"collection":[{"href":"https:\/\/www.actionmarguerite.ca\/fr\/wp-json\/wp\/v2\/posts"}],"about":[{"href":"https:\/\/www.actionmarguerite.ca\/fr\/wp-json\/wp\/v2\/types\/post"}],"author":[{"embeddable":true,"href":"https:\/\/www.actionmarguerite.ca\/fr\/wp-json\/wp\/v2\/users\/34"}],"replies":[{"embeddable":true,"href":"https:\/\/www.actionmarguerite.ca\/fr\/wp-json\/wp\/v2\/comments?post=47178"}],"version-history":[{"count":1,"href":"https:\/\/www.actionmarguerite.ca\/fr\/wp-json\/wp\/v2\/posts\/47178\/revisions"}],"predecessor-version":[{"id":47179,"href":"https:\/\/www.actionmarguerite.ca\/fr\/wp-json\/wp\/v2\/posts\/47178\/revisions\/47179"}],"wp:attachment":[{"href":"https:\/\/www.actionmarguerite.ca\/fr\/wp-json\/wp\/v2\/media?parent=47178"}],"wp:term":[{"taxonomy":"category","embeddable":true,"href":"https:\/\/www.actionmarguerite.ca\/fr\/wp-json\/wp\/v2\/categories?post=47178"},{"taxonomy":"post_tag","embeddable":true,"href":"https:\/\/www.actionmarguerite.ca\/fr\/wp-json\/wp\/v2\/tags?post=47178"}],"curies":[{"name":"wp","href":"https:\/\/api.w.org\/{rel}","templated":true}]}}