{"id":46760,"date":"2024-03-31T12:28:50","date_gmt":"2024-03-31T17:28:50","guid":{"rendered":"https:\/\/www.actionmarguerite.ca\/?p=46760"},"modified":"2024-03-31T12:28:50","modified_gmt":"2024-03-31T17:28:50","slug":"mise-a-jour-sur-les-eclosions-chez-actionmarguerite-17","status":"publish","type":"post","link":"https:\/\/www.actionmarguerite.ca\/fr\/mise-a-jour-sur-les-eclosions-chez-actionmarguerite-17\/","title":{"rendered":"Mise \u00e0 jour sur les \u00e9closions chez Actionmarguerite"},"content":{"rendered":"<p>Chers r\u00e9sidents et familles d\u2019Actionmarguerite,<\/p>\n<p>En ce dimanche de P\u00e2ques, nous vous \u00e9crivons avec de bonnes nouvelles. L&rsquo;\u00e9closion chez Actionmarguerite Saint-Boniface au 2DE a \u00e9t\u00e9 d\u00e9clar\u00e9e termin\u00e9e. Tous les visiteurs sont les bienvenus au 2DE.<\/p>\n<p><strong>Le statut des \u00e9closions<\/strong><\/p>\n<p>Nous continuons \u00e0 demander aux visiteurs g\u00e9n\u00e9raux de reporter leurs visites aux r\u00e9sidents qui vivent dans les unit\u00e9s affect\u00e9es par une \u00e9closion. Les visiteurs essentiels sont invit\u00e9s \u00e0 visiter \u00e0 leurs propres risques et recevront l\u2019\u00e9quipement de protection n\u00e9cessaire.<\/p>\n<p><strong>Actionmarguerite Saint-Boniface<\/strong><\/p>\n<p>3DE\u00a0: \u00e9closion respiratoire en cours<\/p>\n<p><strong>Actionmarguerite St. Joseph<\/strong><\/p>\n<p>Unit\u00e9 2\u00a0: \u00e9closion respiratoire en cours<\/p>\n<p><strong>Actionmarguerite Saint-Vital<\/strong><\/p>\n<p>Aucune \u00e9closion<\/p>\n<p>Pour plus de d\u00e9tails sur nos strat\u00e9gies de gestion des \u00e9closions, voir :\u00a0<a href=\"https:\/\/can01.safelinks.protection.outlook.com\/?url=https%3A%2F%2Fr20.rs6.net%2Ftn.jsp%3Ff%3D001IgkqAenyF5ESOPKopnlbIf1rg0wVBlfrsBrdfQ8_XcDlzjjlaUEqNdYbviv4_4DgAKOYRAfmM2dBfxG0TyUN436_TOX_eUQBwjzXSLfjHYdx7vLv3MS2p3C6KTMy_MwfB2gkTlRP5sKyBBKzg_67pGP6GWN8qLZuATFmcILydXnm9Q1RXnZrW_FJznfuh5C_QwosRHYND7KkZGU3Gicpk3fgYJdcjRCTnZzj0ZGtiHo%3D%26c%3DRKIciBuWl9aYy1vjVyYcmxbWKws9A9IUaNZicsRENn3h_tjqNjhr2w%3D%3D%26ch%3DobYjJIIAzUy6zfLdv7PKq9iTeF1MVtJuP5sNDMjs-wZpvV_tl76Ayg%3D%3D&amp;data=05%7C02%7Cgcastro%40actionmarguerite.ca%7C85ca79b7b04c443c441108dc51a74315%7C5d5f5f27cb0e40849a5003d772edb858%7C0%7C0%7C638475026472950712%7CUnknown%7CTWFpbGZsb3d8eyJWIjoiMC4wLjAwMDAiLCJQIjoiV2luMzIiLCJBTiI6Ik1haWwiLCJXVCI6Mn0%3D%7C0%7C%7C%7C&amp;sdata=F0flEC5M5qya80snWpJAk07bSUo6c61yjoKfciLb3cE%3D&amp;reserved=0\">PRATIQUES COURANTES DE GESTION DES \u00c9CLOSIONS<\/a>.<\/p>\n<p>\u00ab\u00a0Alors que le mois de mars se termine&#8230; Que la lumi\u00e8re vous renouvelle. Que votre c\u0153ur se r\u00e9chauffe et s&rsquo;ouvre \u00e0 la promesse de nouveaux d\u00e9buts. Dans cette transition, permettez vous de vous sentir profond\u00e9ment vu, entendu, et entour\u00e9 d\u2019une acceptation totale. Laissez la joie illuminer votre esprit. Dansez dans cette lumi\u00e8re de renaissance, en passant de l&rsquo;ombre de l&rsquo;hiver \u00e0 la chaleur et \u00e0 l&rsquo;\u00e9merveillement du printemps\u00a0\u00bb (Chopra, 2024)<\/p>\n<p>Joyeuses P\u00e2ques,<\/p>\n<p>L\u2019\u00e9quipe d\u2019Actionmarguerite<\/p>\n","protected":false},"excerpt":{"rendered":"<p>Chers r\u00e9sidents et familles d\u2019Actionmarguerite, En ce dimanche de P\u00e2ques, nous vous \u00e9crivons avec de bonnes nouvelles. L&rsquo;\u00e9closion chez Actionmarguerite Saint-Boniface au 2DE a \u00e9t\u00e9 d\u00e9clar\u00e9e termin\u00e9e. Tous les visiteurs sont les bienvenus au 2DE. Le statut des \u00e9closions Nous continuons \u00e0 demander aux visiteurs g\u00e9n\u00e9raux de reporter leurs visites aux r\u00e9sidents qui vivent dans [&hellip;]<\/p>\n","protected":false},"author":34,"featured_media":0,"comment_status":"closed","ping_status":"closed","sticky":false,"template":"","format":"standard","meta":{"_acf_changed":false,"_et_pb_use_builder":"","_et_pb_old_content":"","_et_gb_content_width":"","footnotes":""},"categories":[38],"tags":[],"class_list":["post-46760","post","type-post","status-publish","format-standard","hentry","category-information-pour-les-familles"],"acf":[],"aioseo_notices":[],"_links":{"self":[{"href":"https:\/\/www.actionmarguerite.ca\/fr\/wp-json\/wp\/v2\/posts\/46760","targetHints":{"allow":["GET"]}}],"collection":[{"href":"https:\/\/www.actionmarguerite.ca\/fr\/wp-json\/wp\/v2\/posts"}],"about":[{"href":"https:\/\/www.actionmarguerite.ca\/fr\/wp-json\/wp\/v2\/types\/post"}],"author":[{"embeddable":true,"href":"https:\/\/www.actionmarguerite.ca\/fr\/wp-json\/wp\/v2\/users\/34"}],"replies":[{"embeddable":true,"href":"https:\/\/www.actionmarguerite.ca\/fr\/wp-json\/wp\/v2\/comments?post=46760"}],"version-history":[{"count":1,"href":"https:\/\/www.actionmarguerite.ca\/fr\/wp-json\/wp\/v2\/posts\/46760\/revisions"}],"predecessor-version":[{"id":46761,"href":"https:\/\/www.actionmarguerite.ca\/fr\/wp-json\/wp\/v2\/posts\/46760\/revisions\/46761"}],"wp:attachment":[{"href":"https:\/\/www.actionmarguerite.ca\/fr\/wp-json\/wp\/v2\/media?parent=46760"}],"wp:term":[{"taxonomy":"category","embeddable":true,"href":"https:\/\/www.actionmarguerite.ca\/fr\/wp-json\/wp\/v2\/categories?post=46760"},{"taxonomy":"post_tag","embeddable":true,"href":"https:\/\/www.actionmarguerite.ca\/fr\/wp-json\/wp\/v2\/tags?post=46760"}],"curies":[{"name":"wp","href":"https:\/\/api.w.org\/{rel}","templated":true}]}}