{"id":46448,"date":"2024-03-11T15:24:53","date_gmt":"2024-03-11T20:24:53","guid":{"rendered":"https:\/\/www.actionmarguerite.ca\/?p=46448"},"modified":"2024-03-11T15:24:53","modified_gmt":"2024-03-11T20:24:53","slug":"nouveaute-harpiste-benevole-sr-jeannine-vermette","status":"publish","type":"post","link":"https:\/\/www.actionmarguerite.ca\/fr\/nouveaute-harpiste-benevole-sr-jeannine-vermette\/","title":{"rendered":"NOUVEAUT\u00c9 Harpiste-b\u00e9n\u00e9vole, Sr. Jeannine Vermette"},"content":{"rendered":"<p>Chers r\u00e9sidents et familles d&rsquo;Actionmarguerite,<\/p>\n<p>En r\u00e9imaginant notre service de b\u00e9n\u00e9volat, nous avons identifi\u00e9 une b\u00e9n\u00e9vole qui s\u2019int\u00e9resse \u00e0 jouer la harpe chez Actionmarguerite Saint-Boniface. L\u2019\u00e9quipe des soins spirituels est donc heureuse d\u2019accueillir Sr. Jeannine Vermette en tant qu\u2019harpiste-b\u00e9n\u00e9vole.<\/p>\n<p>Elle d\u00e9butera ce service d\u2019accompagnement qui s\u2019intitule \u00ab <strong>En harmonie avec le rythme de la vie | In tune with the Rhythm of Life\u00a0<\/strong>\u00bb. Les r\u00e9sidents et leurs familles sont invit\u00e9s \u00e0 participer \u00e0 des sessions de musique personnalis\u00e9es offertes par Sr. Jeaninne. Elle dit s\u2019inspirer du livre \u201c<a href=\"https:\/\/can01.safelinks.protection.outlook.com\/?url=https%3A%2F%2Fr20.rs6.net%2Ftn.jsp%3Ff%3D001sVvQIGgxnm3AIRLuGGhjrmd-VF2aDuxb9vGhg5PtGK8S8JhSRND1IV45twPJ9Nxk9r7RG2hiZqV87gXDT_Gn4mfGkHJJsrTatd2ZS7OvdVsaUSsoJTUi9S2S0ySFhF7t2YWX5-HtpkN8Joi1TuSJQCUEUuKeF5c3FVLMtpvh7ytZooAPX_gfIRiKifIBHu7BrjxbUt_XqO6QZ03OIHcaEg%3D%3D%26c%3DGX8mR5FBUheOwbWzc6EvWlQdUtCU5musKS_ZTVCxollkoNhufv1iGg%3D%3D%26ch%3DdlARuRDTHZlywqU68aGKfD8GdZFBumStq9_4EL_G88sbWcTfxMRUfQ%3D%3D&amp;data=05%7C02%7Cgcastro%40actionmarguerite.ca%7C94e384b651ac4c92973008dc3e2688e6%7C5d5f5f27cb0e40849a5003d772edb858%7C0%7C0%7C638453582417936093%7CUnknown%7CTWFpbGZsb3d8eyJWIjoiMC4wLjAwMDAiLCJQIjoiV2luMzIiLCJBTiI6Ik1haWwiLCJXVCI6Mn0%3D%7C0%7C%7C%7C&amp;sdata=IRwtGigdgXSNCH026oSvONlqBRv1nW7IoD2oH9Cem6E%3D&amp;reserved=0\">Music at end of life\u00a0: Easing the pain, preparing the passage<\/a>\u201d. Elle a aussi r\u00e9cemment suivi le cours \u00ab\u00a0Compassionate Care\u00a0\u00bb avec Palliative Manitoba ce qui la pr\u00e9pare bien pour offrir ces sessions de musique. Les recherches d\u00e9montrent que cet accompagnement compl\u00e9mentaire aux soins a plusieurs b\u00e9n\u00e9fices, tel qu\u2019\u00e0 :<\/p>\n<ul>\n<li>Apporter une d\u00e9tente corporelle et apaiser des tensions ou des angoisses<\/li>\n<li>Encourager de beaux moments partag\u00e9s entre une personne en fin de vie et sa famille<\/li>\n<li>Aider les soignants dans leur travail ou dans leurs propres \u00e9motions<\/li>\n<li>Apporter du r\u00e9confort, en particulier aux personnes approchants la fin de vie.<\/li>\n<\/ul>\n<p>Pour b\u00e9n\u00e9ficier d&rsquo;une session musicale personnalis\u00e9e avec Sr. Jeannine, svp nous rejoindre ou veuillez inscrire les initiales et le num\u00e9ro de chambre du r\u00e9sident sur la feuille d&rsquo;inscription situ\u00e9e dans l\u2019entr\u00e9e de la chapelle.<\/p>\n<p>Sr. Jeannine sera disponible selon l\u2019horaire suivant, en fonction de la demande\u00a0:<\/p>\n<ul>\n<li>Lundi, mercredi et jeudi : entre 13 h et 19 h<\/li>\n<li>Vendredi et samedi : entre 14 et 17 h<\/li>\n<\/ul>\n<p>Si vous avez des questions au sujet de ces sessions, n\u2019h\u00e9sitez pas de nous rejoindre au 204-233-3692, poste 547.<\/p>\n<p>Svp partager ce message et encourager la participation \u00e0 ces sessions.<\/p>\n<p>Merci,<\/p>\n<p>L&rsquo;\u00e9quipe d&rsquo;Actionmarguerite<\/p>\n","protected":false},"excerpt":{"rendered":"<p>Chers r\u00e9sidents et familles d&rsquo;Actionmarguerite, En r\u00e9imaginant notre service de b\u00e9n\u00e9volat, nous avons identifi\u00e9 une b\u00e9n\u00e9vole qui s\u2019int\u00e9resse \u00e0 jouer la harpe chez Actionmarguerite Saint-Boniface. L\u2019\u00e9quipe des soins spirituels est donc heureuse d\u2019accueillir Sr. Jeannine Vermette en tant qu\u2019harpiste-b\u00e9n\u00e9vole. Elle d\u00e9butera ce service d\u2019accompagnement qui s\u2019intitule \u00ab En harmonie avec le rythme de la vie [&hellip;]<\/p>\n","protected":false},"author":34,"featured_media":0,"comment_status":"closed","ping_status":"closed","sticky":false,"template":"","format":"standard","meta":{"_acf_changed":false,"_et_pb_use_builder":"","_et_pb_old_content":"","_et_gb_content_width":"","footnotes":""},"categories":[38],"tags":[],"class_list":["post-46448","post","type-post","status-publish","format-standard","hentry","category-information-pour-les-familles"],"acf":[],"aioseo_notices":[],"_links":{"self":[{"href":"https:\/\/www.actionmarguerite.ca\/fr\/wp-json\/wp\/v2\/posts\/46448","targetHints":{"allow":["GET"]}}],"collection":[{"href":"https:\/\/www.actionmarguerite.ca\/fr\/wp-json\/wp\/v2\/posts"}],"about":[{"href":"https:\/\/www.actionmarguerite.ca\/fr\/wp-json\/wp\/v2\/types\/post"}],"author":[{"embeddable":true,"href":"https:\/\/www.actionmarguerite.ca\/fr\/wp-json\/wp\/v2\/users\/34"}],"replies":[{"embeddable":true,"href":"https:\/\/www.actionmarguerite.ca\/fr\/wp-json\/wp\/v2\/comments?post=46448"}],"version-history":[{"count":1,"href":"https:\/\/www.actionmarguerite.ca\/fr\/wp-json\/wp\/v2\/posts\/46448\/revisions"}],"predecessor-version":[{"id":46449,"href":"https:\/\/www.actionmarguerite.ca\/fr\/wp-json\/wp\/v2\/posts\/46448\/revisions\/46449"}],"wp:attachment":[{"href":"https:\/\/www.actionmarguerite.ca\/fr\/wp-json\/wp\/v2\/media?parent=46448"}],"wp:term":[{"taxonomy":"category","embeddable":true,"href":"https:\/\/www.actionmarguerite.ca\/fr\/wp-json\/wp\/v2\/categories?post=46448"},{"taxonomy":"post_tag","embeddable":true,"href":"https:\/\/www.actionmarguerite.ca\/fr\/wp-json\/wp\/v2\/tags?post=46448"}],"curies":[{"name":"wp","href":"https:\/\/api.w.org\/{rel}","templated":true}]}}