{"id":44180,"date":"2023-10-19T11:29:37","date_gmt":"2023-10-19T16:29:37","guid":{"rendered":"https:\/\/www.actionmarguerite.ca\/?p=44180"},"modified":"2023-10-19T11:29:37","modified_gmt":"2023-10-19T16:29:37","slug":"directives-publiees-par-soins-communs-liees-a-cette-saison-des-virus-respiratoires","status":"publish","type":"post","link":"https:\/\/www.actionmarguerite.ca\/fr\/directives-publiees-par-soins-communs-liees-a-cette-saison-des-virus-respiratoires\/","title":{"rendered":"Directives publi\u00e9es par Soins communs li\u00e9es \u00e0 cette saison des virus respiratoires"},"content":{"rendered":"<p>Soins communs a r\u00e9cemment mis \u00e0 jour des directives destin\u00e9es au syst\u00e8me de sant\u00e9 manitobain li\u00e9es \u00e0 cette saison des virus respiratoires. Les changements visent \u00e0 renforcer la protection des personnes qui vivent dans des foyers de soins personnels, en s&rsquo;appuyant sur des donn\u00e9es probantes et sur les r\u00e9alit\u00e9s actuelles de l&rsquo;activit\u00e9 des virus respiratoires dans notre communaut\u00e9.\u00a0Pour beaucoup d&rsquo;entre nous, les maladies respiratoires saisonni\u00e8res sont un inconv\u00e9nient. Elles peuvent nous faire manquer le travail, l&rsquo;\u00e9cole et\/ou des activit\u00e9s sociales. Mais pour les populations \u00e0 haut risque de maladie grave, comme les personnes que nous soutenons \u00e0 Actionmarguerite, les effets de tout virus respiratoire peuvent \u00eatre graves, entra\u00eenant des maladies s\u00e9rieuses, l&rsquo;hospitalisation et m\u00eame la mort.<\/p>\n<p>Le Manitoba, comme d&rsquo;autres juridictions \u00e0 travers le pays, a commenc\u00e9 \u00e0 planifier le retour de certaines protections additionnelles. Ces pr\u00e9cautions traitent tous les virus respiratoires de la m\u00eame mani\u00e8re, en reconnaissance des effets graves que la grippe, la COVID-19 et d&rsquo;autres maladies respiratoires saisonni\u00e8res peuvent avoir sur les populations vuln\u00e9rables. Cette mise \u00e0 jour des directives signifie que les changements suivants ont d\u00e9but\u00e9 chez Actionmarguerite :<\/p>\n<p><strong>Le port du masque pendant les soins directs<\/strong> : Les travailleurs de la sant\u00e9 devront d\u00e9sormais porter un masque de qualit\u00e9 m\u00e9dicale pendant les soins directs. Les masques ne sont pas requis dans les zones communes telles que les ascenseurs, les caf\u00e9t\u00e9rias, les couloirs ou les postes de soins, ainsi que dans toute zone o\u00f9 des soins directs ne sont pas prodigu\u00e9s. Nous sommes conscients de l&rsquo;importance de trouver un \u00e9quilibre entre la n\u00e9cessit\u00e9 de prot\u00e9ger les personnes que nous aidons et celle de leur fournir les meilleurs soins possibles et de veiller \u00e0 leur qualit\u00e9 de vie.<\/p>\n<p><strong>Le port du masque pour les visiteurs g\u00e9n\u00e9raux et d\u00e9sign\u00e9s<\/strong>\u00a0: Pour les visiteurs g\u00e9n\u00e9raux et d\u00e9sign\u00e9s, les masques sont toujours disponibles et fortement encourag\u00e9s. En cas d\u2019\u00e9closion, le port de masques et autres \u00e9quipements de protection individuelle (EPI) requis seront clairement indiqu\u00e9s.<\/p>\n<p><strong>Employ\u00e9s retournant au travail<\/strong> : Les employ\u00e9s qui se sont absent\u00e9s du travail en raison d&rsquo;une maladie respiratoire pourront reprendre le travail d\u00e8s qu&rsquo;ils se sentiront bien (aptes au travail) et af\u00e9brile (sans fi\u00e8vre sans l&rsquo;aide de m\u00e9dicaments r\u00e9duisant la fi\u00e8vre), sans tenir compte du nombre de jours d&rsquo;absence.<\/p>\n<p><strong>R\u00e9duction de la p\u00e9riode d&rsquo;isolement : <\/strong>Nous sommes heureux que les nouvelles lignes directrices pr\u00e9voient une p\u00e9riode d&rsquo;isolement r\u00e9duite pour la plupart des r\u00e9sidents.<\/p>\n<p>Comme toujours, si vous avez des questions, n&rsquo;h\u00e9sitez pas \u00e0 vous adresser \u00e0 un membre de notre \u00e9quipe soignante ou \u00e0 nous \u00e9crire \u00e0 l&rsquo;adresse suivante : <a href=\"mailto:info@actionmarguerite.ca\">info@actionmarguerite.ca<\/a>.<\/p>\n<p>Nous esp\u00e9rons que ces mesures nous aideront \u00e0 faire face \u00e0 cette saison des maladies respiratoires. Nous vous remercions de vos efforts continus et de votre collaboration alors que ces changements entrent en vigueur.<\/p>\n<p>Bien \u00e0 vous,<\/p>\n<p>Micheline St-Hilaire, directrice g\u00e9n\u00e9rale et l\u2019\u00e9quipe d\u2019Actionmarguerite<\/p>\n","protected":false},"excerpt":{"rendered":"<p>Soins communs a r\u00e9cemment mis \u00e0 jour des directives destin\u00e9es au syst\u00e8me de sant\u00e9 manitobain li\u00e9es \u00e0 cette saison des virus respiratoires. Les changements visent \u00e0 renforcer la protection des personnes qui vivent dans des foyers de soins personnels, en s&rsquo;appuyant sur des donn\u00e9es probantes et sur les r\u00e9alit\u00e9s actuelles de l&rsquo;activit\u00e9 des virus respiratoires [&hellip;]<\/p>\n","protected":false},"author":34,"featured_media":0,"comment_status":"closed","ping_status":"closed","sticky":false,"template":"","format":"standard","meta":{"_acf_changed":false,"_et_pb_use_builder":"","_et_pb_old_content":"","_et_gb_content_width":"","footnotes":""},"categories":[38],"tags":[],"class_list":["post-44180","post","type-post","status-publish","format-standard","hentry","category-information-pour-les-familles"],"acf":[],"aioseo_notices":[],"_links":{"self":[{"href":"https:\/\/www.actionmarguerite.ca\/fr\/wp-json\/wp\/v2\/posts\/44180","targetHints":{"allow":["GET"]}}],"collection":[{"href":"https:\/\/www.actionmarguerite.ca\/fr\/wp-json\/wp\/v2\/posts"}],"about":[{"href":"https:\/\/www.actionmarguerite.ca\/fr\/wp-json\/wp\/v2\/types\/post"}],"author":[{"embeddable":true,"href":"https:\/\/www.actionmarguerite.ca\/fr\/wp-json\/wp\/v2\/users\/34"}],"replies":[{"embeddable":true,"href":"https:\/\/www.actionmarguerite.ca\/fr\/wp-json\/wp\/v2\/comments?post=44180"}],"version-history":[{"count":1,"href":"https:\/\/www.actionmarguerite.ca\/fr\/wp-json\/wp\/v2\/posts\/44180\/revisions"}],"predecessor-version":[{"id":44181,"href":"https:\/\/www.actionmarguerite.ca\/fr\/wp-json\/wp\/v2\/posts\/44180\/revisions\/44181"}],"wp:attachment":[{"href":"https:\/\/www.actionmarguerite.ca\/fr\/wp-json\/wp\/v2\/media?parent=44180"}],"wp:term":[{"taxonomy":"category","embeddable":true,"href":"https:\/\/www.actionmarguerite.ca\/fr\/wp-json\/wp\/v2\/categories?post=44180"},{"taxonomy":"post_tag","embeddable":true,"href":"https:\/\/www.actionmarguerite.ca\/fr\/wp-json\/wp\/v2\/tags?post=44180"}],"curies":[{"name":"wp","href":"https:\/\/api.w.org\/{rel}","templated":true}]}}