{"id":42878,"date":"2023-06-12T11:12:32","date_gmt":"2023-06-12T16:12:32","guid":{"rendered":"https:\/\/www.actionmarguerite.ca\/?p=42878"},"modified":"2023-06-12T11:12:32","modified_gmt":"2023-06-12T16:12:32","slug":"mise-a-jour-sur-les-eclosions-chez-actionmarguerite-saint-boniface","status":"publish","type":"post","link":"https:\/\/www.actionmarguerite.ca\/fr\/mise-a-jour-sur-les-eclosions-chez-actionmarguerite-saint-boniface\/","title":{"rendered":"Mise \u00e0 jour sur les \u00e9closions chez Actionmarguerite Saint-Boniface"},"content":{"rendered":"<p>le vendredi 9 juin 2023<\/p>\n<p>Chers r\u00e9sidents et familles d\u2019Actionmarguerite,<\/p>\n<p>Nous vous \u00e9crivons aujourd&rsquo;hui pour vous informer qu&rsquo;une \u00e9closion respiratoire a \u00e9t\u00e9 d\u00e9clar\u00e9e au 4AB chez Actionmarguerite Saint-Boniface.<\/p>\n<p>Nous avons aussi appris aujourd&rsquo;hui que l&rsquo;\u00e9closion au 5AB a \u00e9t\u00e9 d\u00e9clar\u00e9e termin\u00e9e. Les visiteurs g\u00e9n\u00e9raux sont invit\u00e9s \u00e0 reprendre leurs visites.<\/p>\n<p>Les mesures suivantes sont en place pour l\u2019unit\u00e9 4AB seulement\u00a0:<\/p>\n<ul>\n<li>Nous demandons aux visiteurs g\u00e9n\u00e9raux de reporter leur visite au 4AB.<\/li>\n<li>Les visiteurs essentiels sont invit\u00e9s \u00e0 venir \u00e0 leurs propres risques. Si vous rendez visite \u00e0 un r\u00e9sident qui pr\u00e9sente des sympt\u00f4mes, nous vous encourageons \u00e0 porter un masque m\u00e9dical et des lunettes de protection. Vous les trouverez \u00e0 l&rsquo;entr\u00e9e d&rsquo;Actionmarguerite. \u00c0 votre arriv\u00e9e au 4AB, veuillez-vous pr\u00e9senter au poste de soins infirmiers. L\u2019\u00e9quipement de protection personnel sera \u00e9galement disponible dans l&rsquo;unit\u00e9.<\/li>\n<li>Une surveillance accrue des sympt\u00f4mes est en cours aupr\u00e8s de tous les r\u00e9sidents.<\/li>\n<li>Le nettoyage des surfaces fr\u00e9quemment touch\u00e9es, des endroits communs et des chambres des r\u00e9sidents a \u00e9t\u00e9 augment\u00e9.<\/li>\n<li>Les r\u00e9sidents asymptomatiques peuvent continuer \u00e0\u00a0:<\/li>\n<li>Participer aux activit\u00e9s de groupe et aux services de soins spirituels dans l\u2019unit\u00e9.<\/li>\n<li>Utiliser la salle \u00e0 manger de l\u2019unit\u00e9.<\/li>\n<li>Sortir pour des \u00e9v\u00e9nements \u00e0 l\u2019ext\u00e9rieur tel que des rendez-vous m\u00e9dicaux ou autres et des sorties en famille.Lorsqu\u2019ils sortent de l\u2019\u00e9tablissement, les r\u00e9sidents sont encourag\u00e9s \u00e0 porter un masque et \u00e0 se laver les mains.<\/li>\n<li>Tous les r\u00e9sidents pourront se rendre \u00e0 leurs rendez-vous m\u00e9dicaux essentiels. Les r\u00e9sidents symptomatiques doivent porter un masque et se laver les mains lorsqu&rsquo;ils quittent leur chambre en cas d&rsquo;isolement.<\/li>\n<li>Les activit\u00e9s hors unit\u00e9, y compris les visites, les rendez-vous chez la coiffeuse et la messe, devront \u00eatre report\u00e9es pour les r\u00e9sidents du 4AB qui pr\u00e9sentent des sympt\u00f4mes.<\/li>\n<li>Des activit\u00e9s individuelles telles que l&rsquo;accompagnement spirituel et d&rsquo;autres activit\u00e9s seront offert aux r\u00e9sidents qui pr\u00e9sentent des sympt\u00f4mes.<\/li>\n<\/ul>\n<p>Nous profitons de cette occasion pour vous remercier de votre coop\u00e9ration dans le respect des mesures de pr\u00e9vention et de contr\u00f4le des infections. Veuillez\u00a0:<\/p>\n<ul>\n<li>Assurer que vous faites un d\u00e9pistage de votre \u00e9tat de sant\u00e9 avant chaque visite et ne pas visiter si vous \u00eates malades;<\/li>\n<li>Lavez ou se d\u00e9sinfecter les mains soigneusement et souvent; et<\/li>\n<li>Prot\u00e9gez-vous en utilisant les \u00e9quipements de protection individuelle recommand\u00e9s par le personnel lors de votre visite au 4AB.<\/li>\n<\/ul>\n<p>Veuillez envoyer un courriel \u00e0\u00a0<a href=\"mailto:info@actionmarguerite.ca\">info@actionmarguerite.ca<\/a>\u00a0si vous avez des questions ou des pr\u00e9occupations.<\/p>\n<p>Merci de votre collaboration.<\/p>\n<p>L\u2019\u00e9quipe d\u2019Actionmarguerite<\/p>\n","protected":false},"excerpt":{"rendered":"<p>le vendredi 9 juin 2023 Chers r\u00e9sidents et familles d\u2019Actionmarguerite, Nous vous \u00e9crivons aujourd&rsquo;hui pour vous informer qu&rsquo;une \u00e9closion respiratoire a \u00e9t\u00e9 d\u00e9clar\u00e9e au 4AB chez Actionmarguerite Saint-Boniface. Nous avons aussi appris aujourd&rsquo;hui que l&rsquo;\u00e9closion au 5AB a \u00e9t\u00e9 d\u00e9clar\u00e9e termin\u00e9e. Les visiteurs g\u00e9n\u00e9raux sont invit\u00e9s \u00e0 reprendre leurs visites. Les mesures suivantes sont en [&hellip;]<\/p>\n","protected":false},"author":34,"featured_media":0,"comment_status":"closed","ping_status":"closed","sticky":false,"template":"","format":"standard","meta":{"_acf_changed":false,"_et_pb_use_builder":"","_et_pb_old_content":"","_et_gb_content_width":"","footnotes":""},"categories":[38],"tags":[],"class_list":["post-42878","post","type-post","status-publish","format-standard","hentry","category-information-pour-les-familles"],"acf":[],"aioseo_notices":[],"_links":{"self":[{"href":"https:\/\/www.actionmarguerite.ca\/fr\/wp-json\/wp\/v2\/posts\/42878","targetHints":{"allow":["GET"]}}],"collection":[{"href":"https:\/\/www.actionmarguerite.ca\/fr\/wp-json\/wp\/v2\/posts"}],"about":[{"href":"https:\/\/www.actionmarguerite.ca\/fr\/wp-json\/wp\/v2\/types\/post"}],"author":[{"embeddable":true,"href":"https:\/\/www.actionmarguerite.ca\/fr\/wp-json\/wp\/v2\/users\/34"}],"replies":[{"embeddable":true,"href":"https:\/\/www.actionmarguerite.ca\/fr\/wp-json\/wp\/v2\/comments?post=42878"}],"version-history":[{"count":1,"href":"https:\/\/www.actionmarguerite.ca\/fr\/wp-json\/wp\/v2\/posts\/42878\/revisions"}],"predecessor-version":[{"id":42879,"href":"https:\/\/www.actionmarguerite.ca\/fr\/wp-json\/wp\/v2\/posts\/42878\/revisions\/42879"}],"wp:attachment":[{"href":"https:\/\/www.actionmarguerite.ca\/fr\/wp-json\/wp\/v2\/media?parent=42878"}],"wp:term":[{"taxonomy":"category","embeddable":true,"href":"https:\/\/www.actionmarguerite.ca\/fr\/wp-json\/wp\/v2\/categories?post=42878"},{"taxonomy":"post_tag","embeddable":true,"href":"https:\/\/www.actionmarguerite.ca\/fr\/wp-json\/wp\/v2\/tags?post=42878"}],"curies":[{"name":"wp","href":"https:\/\/api.w.org\/{rel}","templated":true}]}}