{"id":42278,"date":"2023-03-30T18:05:33","date_gmt":"2023-03-30T23:05:33","guid":{"rendered":"https:\/\/www.actionmarguerite.ca\/?p=42278"},"modified":"2023-03-30T18:05:33","modified_gmt":"2023-03-30T23:05:33","slug":"avis-declosion-respiratoire-presumee-3de-actionmarguerite-saint-boniface","status":"publish","type":"post","link":"https:\/\/www.actionmarguerite.ca\/fr\/avis-declosion-respiratoire-presumee-3de-actionmarguerite-saint-boniface\/","title":{"rendered":"Avis d\u2019\u00e9closion respiratoire pr\u00e9sum\u00e9e 3DE | Actionmarguerite Saint-Boniface"},"content":{"rendered":"<p>Le 24 mars 2023<\/p>\n<p>Chers r\u00e9sidents et familles d\u2019Actionmarguerite Saint-Boniface,<\/p>\n<p>Nous vous \u00e9crivons au sujet d\u2019une \u00e9closion respiratoire pr\u00e9sum\u00e9e \u00e0 l\u2019unit\u00e9 3DE.<\/p>\n<p>Les mesures suivantes sont en place pour l\u2019unit\u00e9 3DE SEULEMENT:<\/p>\n<ul>\n<li>Toutes les visites g\u00e9n\u00e9rales ont \u00e9t\u00e9 suspendues pour les r\u00e9sidents de l\u2019unit\u00e9 3DE.<\/li>\n<li>Les visiteurs essentiels sont invit\u00e9s \u00e0 venir \u00e0 leurs propres risques, doivent porter l\u2019\u00e9quipement de protection n\u00e9cessaire et la visite doit avoir lieu dans la chambre du r\u00e9sident.<\/li>\n<li>Une surveillance accrue des sympt\u00f4mes est en cours chez tous les r\u00e9sidents.<\/li>\n<li>Le nettoyage des surfaces fr\u00e9quemment touch\u00e9es, des endroits communs et des chambres des r\u00e9sidents a \u00e9t\u00e9 augment\u00e9.<\/li>\n<li>Les d\u00e9placements des r\u00e9sidents sont limit\u00e9s \u00e0 leur unit\u00e9, dans la mesure du possible.<\/li>\n<li>Les activit\u00e9s de groupe et les repas en commun se poursuivront dans l\u2019unit\u00e9 pour les r\u00e9sidents asymptomatiques.<\/li>\n<li>Des activit\u00e9s individuelles et des soins spirituels individuels seront propos\u00e9s aux r\u00e9sidents qui pr\u00e9sentent des sympt\u00f4mes.<\/li>\n<li>Les absences de court s\u00e9jour et les cong\u00e9s sociaux sont suspendus, sauf pour les rendez-vous m\u00e9dicaux.<\/li>\n<li>Les services de coiffure sont annul\u00e9s jusqu\u2019\u00e0 nouvel ordre.<\/li>\n<\/ul>\n<p>Nous profitons de cette occasion pour souligner l\u2019importance de respecter les mesures de pr\u00e9vention et de contr\u00f4le des infections. Veuillez:<\/p>\n<ul>\n<li>Assurer que vous faites un d\u00e9pistage de votre \u00e9tat de sant\u00e9 avant chaque visite et ne pas visiter si vous \u00eates malade;<\/li>\n<li>Utilisez correctement les \u00e9quipements de protection individuelle chaque fois que vous \u00eates dans notre \u00e9tablissement; et<\/li>\n<li>Lavez vos mains soigneusement et souvent.<\/li>\n<\/ul>\n<p>Veuillez envoyer un courriel \u00e0\u00a0<a href=\"mailto:info@actionmarguerite.ca\">info@actionmarguerite.ca<\/a>\u00a0si vous avez des questions ou des pr\u00e9occupations.<\/p>\n<p>Nous vous remercions de votre collaboration.<\/p>\n<p>Bien \u00e0 vous,<\/p>\n<p>L\u2019\u00e9quipe d\u2019Actionmarguerite<\/p>\n","protected":false},"excerpt":{"rendered":"<p>Le 24 mars 2023 Chers r\u00e9sidents et familles d\u2019Actionmarguerite Saint-Boniface, Nous vous \u00e9crivons au sujet d\u2019une \u00e9closion respiratoire pr\u00e9sum\u00e9e \u00e0 l\u2019unit\u00e9 3DE. Les mesures suivantes sont en place pour l\u2019unit\u00e9 3DE SEULEMENT: Toutes les visites g\u00e9n\u00e9rales ont \u00e9t\u00e9 suspendues pour les r\u00e9sidents de l\u2019unit\u00e9 3DE. Les visiteurs essentiels sont invit\u00e9s \u00e0 venir \u00e0 leurs propres [&hellip;]<\/p>\n","protected":false},"author":34,"featured_media":0,"comment_status":"closed","ping_status":"closed","sticky":false,"template":"","format":"standard","meta":{"_acf_changed":false,"_et_pb_use_builder":"","_et_pb_old_content":"","_et_gb_content_width":"","footnotes":""},"categories":[38],"tags":[],"class_list":["post-42278","post","type-post","status-publish","format-standard","hentry","category-information-pour-les-familles"],"acf":[],"aioseo_notices":[],"_links":{"self":[{"href":"https:\/\/www.actionmarguerite.ca\/fr\/wp-json\/wp\/v2\/posts\/42278","targetHints":{"allow":["GET"]}}],"collection":[{"href":"https:\/\/www.actionmarguerite.ca\/fr\/wp-json\/wp\/v2\/posts"}],"about":[{"href":"https:\/\/www.actionmarguerite.ca\/fr\/wp-json\/wp\/v2\/types\/post"}],"author":[{"embeddable":true,"href":"https:\/\/www.actionmarguerite.ca\/fr\/wp-json\/wp\/v2\/users\/34"}],"replies":[{"embeddable":true,"href":"https:\/\/www.actionmarguerite.ca\/fr\/wp-json\/wp\/v2\/comments?post=42278"}],"version-history":[{"count":1,"href":"https:\/\/www.actionmarguerite.ca\/fr\/wp-json\/wp\/v2\/posts\/42278\/revisions"}],"predecessor-version":[{"id":42279,"href":"https:\/\/www.actionmarguerite.ca\/fr\/wp-json\/wp\/v2\/posts\/42278\/revisions\/42279"}],"wp:attachment":[{"href":"https:\/\/www.actionmarguerite.ca\/fr\/wp-json\/wp\/v2\/media?parent=42278"}],"wp:term":[{"taxonomy":"category","embeddable":true,"href":"https:\/\/www.actionmarguerite.ca\/fr\/wp-json\/wp\/v2\/categories?post=42278"},{"taxonomy":"post_tag","embeddable":true,"href":"https:\/\/www.actionmarguerite.ca\/fr\/wp-json\/wp\/v2\/tags?post=42278"}],"curies":[{"name":"wp","href":"https:\/\/api.w.org\/{rel}","templated":true}]}}