{"id":41321,"date":"2022-11-29T15:17:43","date_gmt":"2022-11-29T21:17:43","guid":{"rendered":"https:\/\/www.actionmarguerite.ca\/?p=41321"},"modified":"2022-11-29T15:17:43","modified_gmt":"2022-11-29T21:17:43","slug":"eclosion-gastro-intestinale-declare-terminee-a-lunite-marguerite-actionmarguerite-saint-vital","status":"publish","type":"post","link":"https:\/\/www.actionmarguerite.ca\/fr\/eclosion-gastro-intestinale-declare-terminee-a-lunite-marguerite-actionmarguerite-saint-vital\/","title":{"rendered":"\u00c9closion gastro-intestinale d\u00e9clar\u00e9 termin\u00e9e \u00e0 l\u2019unit\u00e9 Marguerite | Actionmarguerite Saint-Vital"},"content":{"rendered":"<p>Chers r\u00e9sidents et familles,<\/p>\n<p>Nous sommes heureux de vous informer que l\u2019\u00e9closion gastro-intestinale \u00e0 l\u2019unit\u00e9 Marguerite a \u00e9t\u00e9 d\u00e9clar\u00e9e termin\u00e9e. L\u2019unit\u00e9 peut \u00e0 nouveau accueillir les visites des visiteurs g\u00e9n\u00e9raux.<\/p>\n<p>Merci de votre collaboration.<\/p>\n<p>Sinc\u00e8rement,<\/p>\n<p>Micheline St-Hilaire, directrice g\u00e9n\u00e9rale et l\u2019\u00e9quipe d\u2019Actionmarguerite<\/p>\n","protected":false},"excerpt":{"rendered":"<p>Chers r\u00e9sidents et familles, Nous sommes heureux de vous informer que l\u2019\u00e9closion gastro-intestinale \u00e0 l\u2019unit\u00e9 Marguerite a \u00e9t\u00e9 d\u00e9clar\u00e9e termin\u00e9e. L\u2019unit\u00e9 peut \u00e0 nouveau accueillir les visites des visiteurs g\u00e9n\u00e9raux. Merci de votre collaboration. Sinc\u00e8rement, Micheline St-Hilaire, directrice g\u00e9n\u00e9rale et l\u2019\u00e9quipe d\u2019Actionmarguerite<\/p>\n","protected":false},"author":34,"featured_media":0,"comment_status":"closed","ping_status":"closed","sticky":false,"template":"","format":"standard","meta":{"_acf_changed":false,"_et_pb_use_builder":"","_et_pb_old_content":"","_et_gb_content_width":"","footnotes":""},"categories":[38],"tags":[],"class_list":["post-41321","post","type-post","status-publish","format-standard","hentry","category-information-pour-les-familles"],"acf":[],"aioseo_notices":[],"_links":{"self":[{"href":"https:\/\/www.actionmarguerite.ca\/fr\/wp-json\/wp\/v2\/posts\/41321","targetHints":{"allow":["GET"]}}],"collection":[{"href":"https:\/\/www.actionmarguerite.ca\/fr\/wp-json\/wp\/v2\/posts"}],"about":[{"href":"https:\/\/www.actionmarguerite.ca\/fr\/wp-json\/wp\/v2\/types\/post"}],"author":[{"embeddable":true,"href":"https:\/\/www.actionmarguerite.ca\/fr\/wp-json\/wp\/v2\/users\/34"}],"replies":[{"embeddable":true,"href":"https:\/\/www.actionmarguerite.ca\/fr\/wp-json\/wp\/v2\/comments?post=41321"}],"version-history":[{"count":1,"href":"https:\/\/www.actionmarguerite.ca\/fr\/wp-json\/wp\/v2\/posts\/41321\/revisions"}],"predecessor-version":[{"id":41322,"href":"https:\/\/www.actionmarguerite.ca\/fr\/wp-json\/wp\/v2\/posts\/41321\/revisions\/41322"}],"wp:attachment":[{"href":"https:\/\/www.actionmarguerite.ca\/fr\/wp-json\/wp\/v2\/media?parent=41321"}],"wp:term":[{"taxonomy":"category","embeddable":true,"href":"https:\/\/www.actionmarguerite.ca\/fr\/wp-json\/wp\/v2\/categories?post=41321"},{"taxonomy":"post_tag","embeddable":true,"href":"https:\/\/www.actionmarguerite.ca\/fr\/wp-json\/wp\/v2\/tags?post=41321"}],"curies":[{"name":"wp","href":"https:\/\/api.w.org\/{rel}","templated":true}]}}