{"id":39513,"date":"2022-03-30T16:50:36","date_gmt":"2022-03-30T21:50:36","guid":{"rendered":"https:\/\/www.actionmarguerite.ca\/?p=39513"},"modified":"2022-03-30T16:50:36","modified_gmt":"2022-03-30T21:50:36","slug":"actionmarguerite-covid-19-mise-a-jour-26","status":"publish","type":"post","link":"https:\/\/www.actionmarguerite.ca\/fr\/actionmarguerite-covid-19-mise-a-jour-26\/","title":{"rendered":"Actionmarguerite   |   COVID-19 Mise \u00e0 jour #26"},"content":{"rendered":"<p><em>Ch\u00e8res familles d&rsquo;Actionmarguerite,<\/em><\/p>\n<p>Nous esp\u00e9rons que ce message vous trouve bien alors que nous approchons de la fin du mois de mars. Tout doucement, nous avons pu entrer dans une phase de r\u00e9tablissement apr\u00e8s cette derni\u00e8re vague de la pand\u00e9mie. Les activit\u00e9s de groupe, les messes et les repas en communs ont repris pour la plupart, et nous avons pu accueillir les visiteurs essentiels et g\u00e9n\u00e9raux, sauf l\u00e0 o\u00f9 il y a des \u00e9closions en cours. Lisez la suite pour en savoir plus.<\/p>\n<p><strong>Statut des \u00e9closions<\/strong><\/p>\n<p><strong>Actionmarguerite Saint-Vital &#8211; Unit\u00e9 Marguerite (une unit\u00e9 sp\u00e9cialis\u00e9e et s\u00e9curis\u00e9e situ\u00e9e au 1<sup>er<\/sup> \u00e9tage pour les personnes vivant avec une d\u00e9mence)<\/strong><\/p>\n<ul>\n<li>Aujourd&rsquo;hui, nous sommes heureux de vous annoncer qu&rsquo;il n&rsquo;y a aucun cas actif de r\u00e9sident li\u00e9 \u00e0 cette \u00e9closion.<\/li>\n<li>Cependant, l&rsquo;\u00e9closion ne peut pas encore \u00eatre d\u00e9clar\u00e9e termin\u00e9e car nous devons surveiller les r\u00e9sidents qui n&rsquo;ont pas \u00e9t\u00e9 test\u00e9s positifs jusqu&rsquo;\u00e0 pr\u00e9sent pendant au moins les 10 prochains jours. Il existe un risque continu de transmission.<\/li>\n<li>Compte tenu de la situation actuelle, <strong>nous pouvons reprendre les visites essentielles pour toute l&rsquo;Unit\u00e9 Marguerite, \u00e0 compter de demain, le 31 mars 2022.<\/strong><\/li>\n<li>Nous pr\u00e9voyons que les visites g\u00e9n\u00e9rales reprendront une fois que l&rsquo;\u00e9closion sera d\u00e9clar\u00e9e termin\u00e9e.<\/li>\n<\/ul>\n<p><strong>Actionmarguerite Saint-Joseph<\/strong><\/p>\n<ul>\n<li>Aucune \u00e9closion.<\/li>\n<\/ul>\n<p><strong>Actionmarguerite Saint-Boniface<\/strong><\/p>\n<ul>\n<li>Aucune \u00e9closion.<\/li>\n<\/ul>\n<p>Comme toujours, nous insistons sur l&rsquo;importance de respecter les mesures de contr\u00f4le des infections en place pour toutes les personnes entrant chez Actionmarguerite, car il y a toujours une transmission communautaire du virus et de la COVID-19. Le respect des protocoles reste essentiel pour pr\u00e9venir de nouvelles \u00e9closions :<\/p>\n<ul>\n<li>Veuillez assurer que vous faites un d\u00e9pistage de votre \u00e9tat de sant\u00e9 avant chaque visite et <u>ne pas visiter<\/u> si vous avez des sympt\u00f4mes.<\/li>\n<li>Portez correctement votre masque et votre visi\u00e8re \u00e0 tout moment pendant la visite.<\/li>\n<li>Lavez-vous les mains soigneusement et souvent.<\/li>\n<li>Si vous d\u00e9velopper des sympt\u00f4mes de la COVID-19, veuillez-nous en aviser imm\u00e9diatement. Ceci nous permettra de faire les suivis n\u00e9cessaires pour \u00e9viter la propagation du virus.<\/li>\n<\/ul>\n<p>Veuillez envoyer un courriel \u00e0 <a href=\"mailto:info@actionmarguerite.ca\">info@actionmarguerite.ca<\/a> si vous avez des questions ou des pr\u00e9occupations.<\/p>\n<p>Bien \u00e0 vous,<\/p>\n<p><em>Micheline St-Hilaire, directrice g\u00e9n\u00e9rale et toute l\u2019\u00e9quipe d\u2019Actionmarguerite<\/em><\/p>\n","protected":false},"excerpt":{"rendered":"<p>Ch\u00e8res familles d&rsquo;Actionmarguerite, Nous esp\u00e9rons que ce message vous trouve bien alors que nous approchons de la fin du mois de mars. Tout doucement, nous avons pu entrer dans une phase de r\u00e9tablissement apr\u00e8s cette derni\u00e8re vague de la pand\u00e9mie. Les activit\u00e9s de groupe, les messes et les repas en communs ont repris pour la [&hellip;]<\/p>\n","protected":false},"author":13,"featured_media":0,"comment_status":"closed","ping_status":"closed","sticky":false,"template":"","format":"standard","meta":{"_acf_changed":false,"_et_pb_use_builder":"","_et_pb_old_content":"","_et_gb_content_width":"","footnotes":""},"categories":[38],"tags":[],"class_list":["post-39513","post","type-post","status-publish","format-standard","hentry","category-information-pour-les-familles"],"acf":[],"aioseo_notices":[],"_links":{"self":[{"href":"https:\/\/www.actionmarguerite.ca\/fr\/wp-json\/wp\/v2\/posts\/39513","targetHints":{"allow":["GET"]}}],"collection":[{"href":"https:\/\/www.actionmarguerite.ca\/fr\/wp-json\/wp\/v2\/posts"}],"about":[{"href":"https:\/\/www.actionmarguerite.ca\/fr\/wp-json\/wp\/v2\/types\/post"}],"author":[{"embeddable":true,"href":"https:\/\/www.actionmarguerite.ca\/fr\/wp-json\/wp\/v2\/users\/13"}],"replies":[{"embeddable":true,"href":"https:\/\/www.actionmarguerite.ca\/fr\/wp-json\/wp\/v2\/comments?post=39513"}],"version-history":[{"count":1,"href":"https:\/\/www.actionmarguerite.ca\/fr\/wp-json\/wp\/v2\/posts\/39513\/revisions"}],"predecessor-version":[{"id":39514,"href":"https:\/\/www.actionmarguerite.ca\/fr\/wp-json\/wp\/v2\/posts\/39513\/revisions\/39514"}],"wp:attachment":[{"href":"https:\/\/www.actionmarguerite.ca\/fr\/wp-json\/wp\/v2\/media?parent=39513"}],"wp:term":[{"taxonomy":"category","embeddable":true,"href":"https:\/\/www.actionmarguerite.ca\/fr\/wp-json\/wp\/v2\/categories?post=39513"},{"taxonomy":"post_tag","embeddable":true,"href":"https:\/\/www.actionmarguerite.ca\/fr\/wp-json\/wp\/v2\/tags?post=39513"}],"curies":[{"name":"wp","href":"https:\/\/api.w.org\/{rel}","templated":true}]}}