{"id":38853,"date":"2022-01-17T16:51:10","date_gmt":"2022-01-17T22:51:10","guid":{"rendered":"https:\/\/www.actionmarguerite.ca\/?p=38853"},"modified":"2022-01-17T16:51:10","modified_gmt":"2022-01-17T22:51:10","slug":"actionmarguerite-covid-19-mise-a-jour-10-17-janvier-2022","status":"publish","type":"post","link":"https:\/\/www.actionmarguerite.ca\/fr\/actionmarguerite-covid-19-mise-a-jour-10-17-janvier-2022\/","title":{"rendered":"ACTIONMARGUERITE   |   COVID-19 Mise \u00e0 jour #10 &#8211; 17 janvier 2022"},"content":{"rendered":"<p>Ch\u00e8res familles d&rsquo;Actionmarguerite,<\/p>\n<p><strong>COVID-19 Mise \u00e0 jour #10 &#8211; 17 janvier 2022<\/strong><\/p>\n<p><strong>Actionmarguerite Saint-Boniface, Actionmarguerite Saint-Joseph, Actionmarguerite Saint-Vital<\/strong><\/p>\n<p>Malheureusement, nous annon\u00e7ons aujourd&rsquo;hui de nouveaux d\u00e9c\u00e8s li\u00e9s \u00e0 la pand\u00e9mie de COVID-19 &#8211; un (1) r\u00e9sident vivait \u00e0 Actionmarguerite Saint-Joseph et deux (2) \u00e0 Actionmarguerite Saint-Boniface. Toute l&rsquo;\u00e9quipe d&rsquo;Actionmarguerite pr\u00e9sente ses condol\u00e9ances aux membres des familles et est de tout c\u0153ur avec tous ceux et celles qui sont en deuil en ce moment. Voici nos mises \u00e0 jour additionnelles :<\/p>\n<p><strong>Statut des \u00e9closions<\/strong><\/p>\n<p><strong>Actionmarguerite Saint-Boniface<\/strong><\/p>\n<ul>\n<li style=\"list-style-type: none;\">\n<ul>\n<li>Des \u00e9closions sont actives sur toutes les unit\u00e9s. Un r\u00e9sident du 3DE a \u00e9t\u00e9 test\u00e9 positif, ce qui signifie que 3DE est maintenant consid\u00e9r\u00e9 comme une unit\u00e9 d&rsquo;\u00e9closion.<\/li>\n<li>Deux (2) d\u00e9c\u00e8s ont \u00e9t\u00e9 li\u00e9s \u00e0 ces \u00e9closions.<\/li>\n<li>Dix-huit (18) r\u00e9sidents ont \u00e9t\u00e9 jug\u00e9s gu\u00e9ris.<\/li>\n<li>Neuf (9) autres r\u00e9sidents ont \u00e9t\u00e9 test\u00e9s positifs, ce qui porte le total \u00e0 cinquante-six (56) cas actifs.<\/li>\n<li>Soixante-huit (68) membres du personnel ont \u00e9t\u00e9 test\u00e9s positifs, et cinquante-sept (57) d&rsquo;entre eux se sont r\u00e9tablis depuis.<\/li>\n<\/ul>\n<\/li>\n<\/ul>\n<p><strong>Actionmarguerite Saint-Vital<\/strong><\/p>\n<ul>\n<li style=\"list-style-type: none;\">\n<ul>\n<li>Deux (2) unit\u00e9s ont des foyers actifs d\u2019\u00e9closion (2<sup>e<\/sup> \u00e9tage et 3<sup>e<\/sup> \u00e9tage).<\/li>\n<li>Un (1) d\u00e9c\u00e8s a \u00e9t\u00e9 li\u00e9 \u00e0 une \u00e9closion.<\/li>\n<li>Seize (16) r\u00e9sidents sont d\u00e9sormais r\u00e9tablis.<\/li>\n<li>Un (1) r\u00e9sident additionnel a \u00e9t\u00e9 test\u00e9 positif, ce qui porte le total \u00e0 douze (12) cas actifs.<\/li>\n<li>Vingt-cinq (25) membres du personnel ont \u00e9t\u00e9 test\u00e9s positifs, et vingt (20) d&rsquo;entre eux se sont r\u00e9tablis depuis.<\/li>\n<\/ul>\n<\/li>\n<\/ul>\n<p><strong>Actionmarguerite Saint-Joseph<\/strong><\/p>\n<ul>\n<li style=\"list-style-type: none;\">\n<ul>\n<li>Une (1) unit\u00e9 a une \u00e9closion active (1<sup>er <\/sup>\u00e9tage).<\/li>\n<li>Un (1) d\u00e9c\u00e8s a \u00e9t\u00e9 li\u00e9 \u00e0 l&rsquo;\u00e9closion.<\/li>\n<li>Un (1) r\u00e9sident a \u00e9t\u00e9 jug\u00e9 r\u00e9tabli.<\/li>\n<li>Aucun autre r\u00e9sident n&rsquo;a \u00e9t\u00e9 test\u00e9 positif, ce qui maintient \u00e0 deux (2) le nombre de cas actifs.<\/li>\n<li>Dix-sept (17) membres du personnel ont \u00e9t\u00e9 test\u00e9s positifs et quatorze (14) se sont r\u00e9tablis depuis.<\/li>\n<\/ul>\n<\/li>\n<\/ul>\n<p>Nous vous rappelons que les aidants familiaux d\u00e9sign\u00e9s (visiteurs essentiels) sont pri\u00e9s de fournir leur nom \u00e0 notre \u00e9quipe de travail social en indiquant leur int\u00e9r\u00eat \u00e0 nous aider sur place. Veuillez envoyer un courriel \u00e0\u00a0:<\/p>\n<ul>\n<li style=\"list-style-type: none;\">\n<ul>\n<li>Actionmarguerite Saint-Boniface &#8211; \u00a0 Nicole Nadeau-Fr\u00e9chette :\u00a0\u00a0\u00a0\u00a0\u00a0\u00a0\u00a0\u00a0\u00a0 <a href=\"mailto:nnadeau@actionmarguerite.ca\">nnadeau@actionmarguerite.ca<\/a><\/li>\n<li>Actionmarguerite Saint-Joseph &#8211; \u00a0\u00a0\u00a0\u00a0 Nasrin Sepehri :\u00a0 \u00a0 \u00a0 \u00a0 \u00a0 \u00a0 \u00a0 \u00a0 \u00a0 \u00a0 \u00a0 \u00a0 \u00a0 <a href=\"mailto:nsepehri@actionmarguerite.ca\">nsepehri@actionmarguerite.ca<\/a><\/li>\n<li>Actionmarguerite Saint-Vital &#8211; \u00a0\u00a0\u00a0\u00a0\u00a0\u00a0\u00a0\u00a0\u00a0 Lise Cloutier :\u00a0 \u00a0 \u00a0 \u00a0 \u00a0 \u00a0 \u00a0 \u00a0 \u00a0 \u00a0 \u00a0 \u00a0 \u00a0 \u00a0 \u00a0<a href=\"mailto:lcloutier@actionmarguerite.ca\"> lcloutier@actionmarguerite.ca<\/a><\/li>\n<\/ul>\n<\/li>\n<\/ul>\n<p>Comme promis, nous tiendrons r\u00e9guli\u00e8rement des <strong>forums virtuels destin\u00e9s aux familles<\/strong>. Les prochains forums sont pr\u00e9vus comme suit :<\/p>\n<ul>\n<li style=\"list-style-type: none;\">\n<ul>\n<li><strong>Actionmarguerite Saint-Joseph \u2013 le mercredi 19 janvier \u00e0 16h<\/strong><\/li>\n<li><strong>Actionmarguerite Saint-Boniface \/ Saint-Vital \u2013 le jeudi 20 janvier \u00e0 16h<\/strong><\/li>\n<\/ul>\n<\/li>\n<\/ul>\n<p>Si vous souhaitez participer, veuillez envoyer un courriel \u00e0 <a href=\"mailto:lsardo@actionmarguerite.ca\">lsardo@actionmarguerite.ca<\/a> pour savoir comment vous inscrire.<\/p>\n<p>\u00ab\u00a0N&rsquo;abandonnez pas\u00a0\u00bb est un message d\u2019importance soulignant la n\u00e9cessit\u00e9 de rester pers\u00e9v\u00e9rant et fort face \u00e0 l&rsquo;adversit\u00e9. Puissions-nous conserver notre foi et notre force alors que nous traversons cette p\u00e9riode comme nul autre.<\/p>\n<p>Bien \u00e0 vous,<\/p>\n<p>Micheline St-Hilaire, Directrice g\u00e9n\u00e9rale &amp; toute l&rsquo;\u00e9quipe d&rsquo;Actionmarguerite<\/p>\n","protected":false},"excerpt":{"rendered":"<p>Ch\u00e8res familles d&rsquo;Actionmarguerite, COVID-19 Mise \u00e0 jour #10 &#8211; 17 janvier 2022 Actionmarguerite Saint-Boniface, Actionmarguerite Saint-Joseph, Actionmarguerite Saint-Vital Malheureusement, nous annon\u00e7ons aujourd&rsquo;hui de nouveaux d\u00e9c\u00e8s li\u00e9s \u00e0 la pand\u00e9mie de COVID-19 &#8211; un (1) r\u00e9sident vivait \u00e0 Actionmarguerite Saint-Joseph et deux (2) \u00e0 Actionmarguerite Saint-Boniface. Toute l&rsquo;\u00e9quipe d&rsquo;Actionmarguerite pr\u00e9sente ses condol\u00e9ances aux membres des familles [&hellip;]<\/p>\n","protected":false},"author":13,"featured_media":0,"comment_status":"closed","ping_status":"closed","sticky":false,"template":"","format":"standard","meta":{"_acf_changed":false,"_et_pb_use_builder":"","_et_pb_old_content":"","_et_gb_content_width":"","footnotes":""},"categories":[38],"tags":[],"class_list":["post-38853","post","type-post","status-publish","format-standard","hentry","category-information-pour-les-familles"],"acf":[],"aioseo_notices":[],"_links":{"self":[{"href":"https:\/\/www.actionmarguerite.ca\/fr\/wp-json\/wp\/v2\/posts\/38853","targetHints":{"allow":["GET"]}}],"collection":[{"href":"https:\/\/www.actionmarguerite.ca\/fr\/wp-json\/wp\/v2\/posts"}],"about":[{"href":"https:\/\/www.actionmarguerite.ca\/fr\/wp-json\/wp\/v2\/types\/post"}],"author":[{"embeddable":true,"href":"https:\/\/www.actionmarguerite.ca\/fr\/wp-json\/wp\/v2\/users\/13"}],"replies":[{"embeddable":true,"href":"https:\/\/www.actionmarguerite.ca\/fr\/wp-json\/wp\/v2\/comments?post=38853"}],"version-history":[{"count":2,"href":"https:\/\/www.actionmarguerite.ca\/fr\/wp-json\/wp\/v2\/posts\/38853\/revisions"}],"predecessor-version":[{"id":38855,"href":"https:\/\/www.actionmarguerite.ca\/fr\/wp-json\/wp\/v2\/posts\/38853\/revisions\/38855"}],"wp:attachment":[{"href":"https:\/\/www.actionmarguerite.ca\/fr\/wp-json\/wp\/v2\/media?parent=38853"}],"wp:term":[{"taxonomy":"category","embeddable":true,"href":"https:\/\/www.actionmarguerite.ca\/fr\/wp-json\/wp\/v2\/categories?post=38853"},{"taxonomy":"post_tag","embeddable":true,"href":"https:\/\/www.actionmarguerite.ca\/fr\/wp-json\/wp\/v2\/tags?post=38853"}],"curies":[{"name":"wp","href":"https:\/\/api.w.org\/{rel}","templated":true}]}}