{"id":38663,"date":"2022-01-05T13:00:37","date_gmt":"2022-01-05T19:00:37","guid":{"rendered":"https:\/\/www.actionmarguerite.ca\/?p=38663"},"modified":"2022-01-05T13:02:20","modified_gmt":"2022-01-05T19:02:20","slug":"38663","status":"publish","type":"post","link":"https:\/\/www.actionmarguerite.ca\/fr\/38663\/","title":{"rendered":"\u00a0ACTIONMARGUERITE &#8211; COVID-19 Mise \u00e0 jour #4 &#8211; 5 janvier 2022"},"content":{"rendered":"<p>Ch\u00e8res familles d&rsquo;Actionmarguerite,<\/p>\n<p><strong>\u00a0<\/strong><strong>COVID-19 Mise \u00e0 jour #4 &#8211; 5 janvier 2022<\/strong><\/p>\n<p><strong>Actionmarguerite St. Boniface, Actionmarguerite St. Joseph, Actionmarguerite St. Vital<\/strong><\/p>\n<p>Aujourd&rsquo;hui, nous vous \u00e9crivons avec la mise \u00e0 jour suivante :<\/p>\n<p><strong>Actionmarguerite Saint-Boniface<\/strong><\/p>\n<ul>\n<li>Trois (3) \u00e9tages sont maintenant affect\u00e9s par une \u00e9closion (2ABC, 4AB, 4C, 5AB, et 5C).<\/li>\n<li>Cinq (5) r\u00e9sidents suppl\u00e9mentaires ont \u00e9t\u00e9 test\u00e9s positifs pour la COVID-19, ce qui porte notre total \u00e0 17 r\u00e9sidents affect\u00e9s.<\/li>\n<\/ul>\n<p><strong>Actionmarguerite Saint-Vital<\/strong><\/p>\n<ul>\n<li>Une (1) unit\u00e9 a une \u00e9closion d\u00e9clar\u00e9e (3e \u00e9tage).<\/li>\n<li>Quatre (4) r\u00e9sidents suppl\u00e9mentaires ont \u00e9t\u00e9 test\u00e9s positifs, ce qui porte le total \u00e0 huit (8) r\u00e9sidents affect\u00e9s.<\/li>\n<\/ul>\n<p><strong>Actionmarguerite Saint-Joseph<\/strong><\/p>\n<ul>\n<li>Une (1) unit\u00e9 a une \u00e9closion d\u00e9clar\u00e9e (1er \u00e9tage)<\/li>\n<li>Un autre r\u00e9sident a \u00e9t\u00e9 test\u00e9 positif, ce qui porte le total \u00e0 deux (2) r\u00e9sidents affect\u00e9s.<\/li>\n<\/ul>\n<p>*N.B. Pour qu&rsquo;une \u00e9closion soit d\u00e9clar\u00e9e, il doit y avoir deux cas li\u00e9s entre eux. Il peut s&rsquo;agir de n&rsquo;importe quelle combinaison incluant les membres du personnel, les visiteurs et les r\u00e9sidents.<\/p>\n<p>Comme nous continuons \u00e0 g\u00e9rer et \u00e0 appliquer toutes les mesures possibles pour limiter la propagation du virus, nous ne sommes pas encore en mesure d&rsquo;accueillir \u00e0 nouveau les membres des familles qui ont indiqu\u00e9 leur int\u00e9r\u00eat \u00e0 nous pr\u00eater main forte en ce moment. Nous \u00e9valuons les risques encourus. Soyez assur\u00e9s que nous nous effor\u00e7ons d\u2019\u00e9laborer un processus s\u00e9curitaire afin de pouvoir vous accueillir \u00e0 nouveau d\u00e8s que possible, car nous reconnaissons l&rsquo;importance de la pr\u00e9sence des familles sur la sant\u00e9 et le bien-\u00eatre de chacun, en particulier ceux des personnes dont nous soutenons. Lorsqu&rsquo;il sera plus s\u00fbr de proc\u00e9der, nous vous contacterons.<\/p>\n<p>Le nombre de membres du personnel test\u00e9s positifs \u00e0 la COVID-19 continue d&rsquo;augmenter, mais nous sommes heureux d&rsquo;annoncer que certains d&rsquo;entre eux sont maintenant r\u00e9tablis et reprennent le travail. Nos \u00e9quipes de soins et de soutien travaillent sans rel\u00e2che pour assurer le maintien de la qualit\u00e9 des soins et des services. Les d\u00e9fis li\u00e9s au manque de personnel sont g\u00e9r\u00e9s par l&rsquo;attribution de quarts de travail suppl\u00e9mentaires, l&#8217;embauche d&rsquo;infirmi\u00e8res d&rsquo;agence et la r\u00e9affectation du personnel d&rsquo;Actionmarguerite de tous les d\u00e9partements l\u00e0 o\u00f9 les besoins sont les plus grands. Nous avons \u00e9galement appris que les \u00e9tudiants en soins infirmiers pourront revenir sur place, et quelques travailleurs de la sant\u00e9 employ\u00e9s \u00e0 temps partiel, de m\u00eame que des retrait\u00e9s, ont \u00e9galement offert leurs services.<\/p>\n<p>Les forums virtuels pour les familles sont un moyen de soutenir nos r\u00e9sidents et leurs proches pendant cette p\u00e9riode. Nous organiserons les forums virtuels suivants :<\/p>\n<ul>\n<li><strong><u>Actionmarguerite Saint-Joseph &#8211; jeudi 6 janvier \u00e0 15h<\/u><\/strong><\/li>\n<li><strong><u>Actionmarguerite Saint-Boniface et Saint-Vital &#8211; jeudi 6 janvier \u00e0 16h30<\/u><\/strong><\/li>\n<\/ul>\n<p>Les familles qui souhaitent participer sont pri\u00e9es d&rsquo;envoyer un courriel \u00e0 <a href=\"mailto:lsardo@actionmarguerite.ca\">lsardo@actionmarguerite.ca<\/a> pour obtenir le lien \/ le num\u00e9ro de t\u00e9l\u00e9phone de la r\u00e9union.<\/p>\n<p>N&rsquo;h\u00e9sitez pas \u00e0 nous joindre \u00e0 <a href=\"mailto:info@actionmarguerite.ca\">info@actionmarguerite.ca<\/a> si vous avez des questions.<\/p>\n<p>Que nos efforts collectifs nous permettent de traverser cette p\u00e9riode avec compassion et courage.<\/p>\n<p>Micheline St-Hilaire, Directrice g\u00e9n\u00e9rale et toute l&rsquo;\u00e9quipe d&rsquo;Actionmarguerite<\/p>\n","protected":false},"excerpt":{"rendered":"<p>Ch\u00e8res familles d&rsquo;Actionmarguerite, \u00a0COVID-19 Mise \u00e0 jour #4 &#8211; 5 janvier 2022 Actionmarguerite St. Boniface, Actionmarguerite St. Joseph, Actionmarguerite St. Vital Aujourd&rsquo;hui, nous vous \u00e9crivons avec la mise \u00e0 jour suivante : Actionmarguerite Saint-Boniface Trois (3) \u00e9tages sont maintenant affect\u00e9s par une \u00e9closion (2ABC, 4AB, 4C, 5AB, et 5C). Cinq (5) r\u00e9sidents suppl\u00e9mentaires ont \u00e9t\u00e9 [&hellip;]<\/p>\n","protected":false},"author":13,"featured_media":0,"comment_status":"closed","ping_status":"closed","sticky":false,"template":"","format":"standard","meta":{"_acf_changed":false,"_et_pb_use_builder":"","_et_pb_old_content":"","_et_gb_content_width":"","footnotes":""},"categories":[38],"tags":[],"class_list":["post-38663","post","type-post","status-publish","format-standard","hentry","category-information-pour-les-familles"],"acf":[],"aioseo_notices":[],"_links":{"self":[{"href":"https:\/\/www.actionmarguerite.ca\/fr\/wp-json\/wp\/v2\/posts\/38663","targetHints":{"allow":["GET"]}}],"collection":[{"href":"https:\/\/www.actionmarguerite.ca\/fr\/wp-json\/wp\/v2\/posts"}],"about":[{"href":"https:\/\/www.actionmarguerite.ca\/fr\/wp-json\/wp\/v2\/types\/post"}],"author":[{"embeddable":true,"href":"https:\/\/www.actionmarguerite.ca\/fr\/wp-json\/wp\/v2\/users\/13"}],"replies":[{"embeddable":true,"href":"https:\/\/www.actionmarguerite.ca\/fr\/wp-json\/wp\/v2\/comments?post=38663"}],"version-history":[{"count":3,"href":"https:\/\/www.actionmarguerite.ca\/fr\/wp-json\/wp\/v2\/posts\/38663\/revisions"}],"predecessor-version":[{"id":38666,"href":"https:\/\/www.actionmarguerite.ca\/fr\/wp-json\/wp\/v2\/posts\/38663\/revisions\/38666"}],"wp:attachment":[{"href":"https:\/\/www.actionmarguerite.ca\/fr\/wp-json\/wp\/v2\/media?parent=38663"}],"wp:term":[{"taxonomy":"category","embeddable":true,"href":"https:\/\/www.actionmarguerite.ca\/fr\/wp-json\/wp\/v2\/categories?post=38663"},{"taxonomy":"post_tag","embeddable":true,"href":"https:\/\/www.actionmarguerite.ca\/fr\/wp-json\/wp\/v2\/tags?post=38663"}],"curies":[{"name":"wp","href":"https:\/\/api.w.org\/{rel}","templated":true}]}}