{"id":38645,"date":"2022-01-01T15:47:09","date_gmt":"2022-01-01T21:47:09","guid":{"rendered":"https:\/\/www.actionmarguerite.ca\/?p=38645"},"modified":"2022-01-01T15:47:09","modified_gmt":"2022-01-01T21:47:09","slug":"actionmarguerite-2e-mise-a-jour-covid-19-pour-tous-les-sites-le-1er-janvier-2021","status":"publish","type":"post","link":"https:\/\/www.actionmarguerite.ca\/fr\/actionmarguerite-2e-mise-a-jour-covid-19-pour-tous-les-sites-le-1er-janvier-2021\/","title":{"rendered":"ACTIONMARGUERITE &#8211; 2e MISE \u00c0 JOUR COVID-19 POUR TOUS LES SITES \u2013 le 1er janvier 2021"},"content":{"rendered":"<p>Ch\u00e8res familles d\u2019Actionmarguerite,<\/p>\n<p><strong>2<sup>e<\/sup> MISE \u00c0 JOUR COVID-19 POUR TOUS LES SITES \u2013 le 1<sup>er<\/sup> janvier 2021<\/strong><\/p>\n<p><strong>Actionmarguerite St-Boniface, Actionmarguerite St-Joseph, Actionmarguerite St-Vital<\/strong><\/p>\n<p>\u00c0 l&rsquo;avenir, nous enverrons des mises \u00e0 jour concernant tous les sites Actionmarguerite \u00e0 nos listes de distribution. L&rsquo;objectif est de vous tenir au courant des informations les plus r\u00e9centes alors que la COVID-19 continue \u00e0 se r\u00e9pandre dans notre communaut\u00e9.<\/p>\n<p>Tard hier en soir\u00e9e, nous avons appris qu&rsquo;un r\u00e9sident de l\u2019unit\u00e9 4C a re\u00e7u un test positif pour la COVID-19 chez Actionmarguerite St-Boniface. Nous avons \u00e9t\u00e9 en contact avec la famille. Nous offrons les soins dans la chambre de cette personne o\u00f9 elle sera isol\u00e9e. Tous les r\u00e9sidents du 4C seront test\u00e9s pour la pr\u00e9sence de la COVID-19. Nous avons \u00e9galement appris aujourd&rsquo;hui qu&rsquo;une autre personne vivant sur l\u2019unit\u00e9 5C a re\u00e7u un test positif.<\/p>\n<p>Le tableau ci-bas fait un sommaire des \u00e9closions de la COVID-19 en cours\u00a0:<\/p>\n<table width=\"633\">\n<tbody>\n<tr>\n<td style=\"text-align: center;\" width=\"170\"><strong>\u00c9tablissement \/ Programme<\/strong><\/td>\n<td style=\"text-align: center;\" width=\"113\"><strong>Unit\u00e9<\/strong><\/td>\n<td style=\"text-align: center;\" width=\"198\"><strong>Cas chez les residents<\/strong><\/td>\n<td style=\"text-align: center;\" width=\"151\"><strong>Cas chez le personnel li\u00e9 aux \u00e9closions<\/strong><\/td>\n<\/tr>\n<tr>\n<td width=\"170\">St-Boniface, 185 Despins<\/td>\n<td style=\"text-align: center;\" width=\"113\">2AB<\/td>\n<td style=\"text-align: center;\" width=\"198\">6<\/td>\n<td style=\"text-align: center;\" rowspan=\"3\" width=\"151\">&nbsp;<\/p>\n<p>12<\/td>\n<\/tr>\n<tr>\n<td rowspan=\"2\" width=\"170\">&nbsp;<\/td>\n<td style=\"text-align: center;\" width=\"113\">4C<\/td>\n<td style=\"text-align: center;\" width=\"198\">1 (nouveau)<\/td>\n<\/tr>\n<tr>\n<td style=\"text-align: center;\" width=\"113\">5C<\/td>\n<td style=\"text-align: center;\" width=\"198\">5 (1 nouveau)<\/td>\n<\/tr>\n<tr>\n<td width=\"170\">St-Vital, 450, ch. River<\/td>\n<td style=\"text-align: center;\" width=\"113\">3e \u00e9tage<\/td>\n<td style=\"text-align: center;\" width=\"198\">3<\/td>\n<td style=\"text-align: center;\" width=\"151\">1<\/td>\n<\/tr>\n<tr>\n<td width=\"170\">St-Joseph, 1149 Leila<\/td>\n<td style=\"text-align: center;\" width=\"113\">Unit\u00e9 1<\/td>\n<td style=\"text-align: center;\" width=\"198\">1<\/td>\n<td style=\"text-align: center;\" width=\"151\">5<\/td>\n<\/tr>\n<tr>\n<td width=\"170\">Logement avec services de soutien<\/p>\n<p>\u00b7\u00a0\u00a0\u00a0\u00a0\u00a0\u00a0\u00a0\u00a0 Windsor Park Place<\/p>\n<p>\u00b7\u00a0\u00a0\u00a0\u00a0\u00a0\u00a0\u00a0\u00a0 Chez-Nous<\/td>\n<td style=\"text-align: center;\" colspan=\"3\" width=\"463\">&nbsp;<\/p>\n<p>Sans \u00e9closion<\/td>\n<\/tr>\n<\/tbody>\n<\/table>\n<p>Nous souhaitons insister sur le fait que nous faisons preuve d&rsquo;une vigilance accrue dans tous nos foyers ces jours-ci, en r\u00e9agissant rapidement \u00e0 toute exposition des r\u00e9sidents ou du personnel \u00e0 la COVID, en appliquant avec diligence nos protocoles de pr\u00e9vention et de contr\u00f4le des infections afin de limiter la propagation du virus, et en vous communiquant les pr\u00e9occupations li\u00e9es \u00e0 la pr\u00e9sence de la COVID.<\/p>\n<p>Nos \u00e9quipes de soins et de soutien se sont montr\u00e9es \u00e0 la hauteur pour contenir et g\u00e9rer du mieux que possible les \u00e9closions, sachant \u00e0 quel point la variante Omicron est transmissible. En ce d\u00e9but de nouvelle ann\u00e9e, nous prenons un moment pour remercier nos soignants et nos \u00e9quipes de soutien, y compris nos gestionnaires, pour leur courage, leur engagement et leur d\u00e9vouement pendant cette p\u00e9riode difficile.<\/p>\n<p>Comme \u00e0 l\u2019habitude, vous pouvez nous joindre \u00e0 <a href=\"mailto:info@actionmarguerite.ca\">info@actionmarguerite.ca<\/a>.<\/p>\n<p>Que cette nouvelle ann\u00e9e apporte maintes b\u00e9n\u00e9dictions et que nous gardions tous l&rsquo;espoir que la pand\u00e9mie prenne fin.<\/p>\n<p>Bien \u00e0 vous,<\/p>\n<p>Micheline St-Hilaire, Directrice g\u00e9n\u00e9rale<\/p>\n","protected":false},"excerpt":{"rendered":"<p>Ch\u00e8res familles d\u2019Actionmarguerite, 2e MISE \u00c0 JOUR COVID-19 POUR TOUS LES SITES \u2013 le 1er janvier 2021 Actionmarguerite St-Boniface, Actionmarguerite St-Joseph, Actionmarguerite St-Vital \u00c0 l&rsquo;avenir, nous enverrons des mises \u00e0 jour concernant tous les sites Actionmarguerite \u00e0 nos listes de distribution. L&rsquo;objectif est de vous tenir au courant des informations les plus r\u00e9centes alors que [&hellip;]<\/p>\n","protected":false},"author":13,"featured_media":0,"comment_status":"closed","ping_status":"closed","sticky":false,"template":"","format":"standard","meta":{"_acf_changed":false,"_et_pb_use_builder":"","_et_pb_old_content":"","_et_gb_content_width":"","footnotes":""},"categories":[38],"tags":[],"class_list":["post-38645","post","type-post","status-publish","format-standard","hentry","category-information-pour-les-familles"],"acf":[],"aioseo_notices":[],"_links":{"self":[{"href":"https:\/\/www.actionmarguerite.ca\/fr\/wp-json\/wp\/v2\/posts\/38645","targetHints":{"allow":["GET"]}}],"collection":[{"href":"https:\/\/www.actionmarguerite.ca\/fr\/wp-json\/wp\/v2\/posts"}],"about":[{"href":"https:\/\/www.actionmarguerite.ca\/fr\/wp-json\/wp\/v2\/types\/post"}],"author":[{"embeddable":true,"href":"https:\/\/www.actionmarguerite.ca\/fr\/wp-json\/wp\/v2\/users\/13"}],"replies":[{"embeddable":true,"href":"https:\/\/www.actionmarguerite.ca\/fr\/wp-json\/wp\/v2\/comments?post=38645"}],"version-history":[{"count":1,"href":"https:\/\/www.actionmarguerite.ca\/fr\/wp-json\/wp\/v2\/posts\/38645\/revisions"}],"predecessor-version":[{"id":38646,"href":"https:\/\/www.actionmarguerite.ca\/fr\/wp-json\/wp\/v2\/posts\/38645\/revisions\/38646"}],"wp:attachment":[{"href":"https:\/\/www.actionmarguerite.ca\/fr\/wp-json\/wp\/v2\/media?parent=38645"}],"wp:term":[{"taxonomy":"category","embeddable":true,"href":"https:\/\/www.actionmarguerite.ca\/fr\/wp-json\/wp\/v2\/categories?post=38645"},{"taxonomy":"post_tag","embeddable":true,"href":"https:\/\/www.actionmarguerite.ca\/fr\/wp-json\/wp\/v2\/tags?post=38645"}],"curies":[{"name":"wp","href":"https:\/\/api.w.org\/{rel}","templated":true}]}}